{"id":4257,"date":"2026-06-23T09:01:13","date_gmt":"2026-06-23T09:01:13","guid":{"rendered":"https:\/\/www.sirsa.ch\/blog\/die-sicherheit-ihres-zuhauses-beginnt-heute-online\/"},"modified":"2026-06-24T09:06:22","modified_gmt":"2026-06-24T09:06:22","slug":"die-sicherheit-ihres-zuhauses-beginnt-heute-online","status":"publish","type":"post","link":"https:\/\/www.sirsa.ch\/de\/blog\/die-sicherheit-ihres-zuhauses-beginnt-heute-online\/","title":{"rendered":"Die Sicherheit Ihres Zuhauses beginnt heute online."},"content":{"rendered":"\n\n<section class=\"pb-none wp-block-acf-post-text\">\n    <div class=\"container\">\n        <div class=\"wp-block-acf-post-text__grid \">\n            <div class=\"wp-block-acf-post-text__col\">\n                                    <div class=\"wp-block-acf-post-text__side-content\">\n                            <div class=\"c-post-info\">\n        <div class=\"c-post-info__label\">\n            Article        <\/div>\n                            <div class=\"c-post-info__date\">\n                Date:\n                23 Juni 2026            <\/div>\n                            <div class=\"c-post-info__category\">\n                Nachrichten            <\/div>\n                    <\/div>\n                    <\/div>\n                            <\/div>\n            <div class=\"wp-block-acf-post-text__col\">\n                                    <div class=\"wp-block-acf-post-text__content c-wysiwyg has-post-info\">\n                        <p>Wir erleben einen Wandel der Risiken im Wohnbereich. Der Schutz eines Zuhauses h\u00e4ngt nicht mehr nur davon ab, was man verschliesst, sondern auch davon, was man nach aussen sichtbar macht. Und diese Entscheidung f\u00e4llt heute ebenso online wie vor der eigenen Haust\u00fcr. <\/p>\n                    <\/div>\n                                \n    <div class=\"wp-block-acf-post-text__button\">\n        <button class=\"js--open-form-popup\">\n            <span class=\"c-button__text-wrapper\">\n                <span class=\"c-button__text c-button__text-top\">Mit SIR vorausdenken<\/span>\n                <span class=\"c-button__text c-button__text-bottom\" role=\"presentation\" aria-hidden=\"true\">Mit SIR vorausdenken<\/span>\n            <\/span>\n            <span class=\"c-button__icons\" role=\"presentation\" aria-hidden=\"true\">\n                <span class=\"c-button__icon-box\"><\/span>\n                <span class=\"c-button__bullet-box\">\n                    <span class=\"c-button__bullet\"><\/span>\n                <\/span>\n            <\/span>\n        <\/button>\n    <\/div>\n            <\/div>\n        <\/div>\n    <\/div>\n<\/section>\n\n<section class=\"white-bg pb-none wp-block-acf-numbers-list\">\n    <div class=\"container\">\n        <div class=\"wp-block-acf-numbers-list__row row-reverse no-bottom-separator\">\n\n            <div class=\"wp-block-acf-numbers-list__col wp-block-acf-numbers-list__col--img\">\n                                    <div class=\"wp-block-acf-numbers-list__image\">\n                        <img decoding=\"async\" width=\"1720\" height=\"1668\" src=\"https:\/\/www.sirsa.ch\/wp-content\/uploads\/2026\/06\/Le-risque-residentiel-a-change-de-nature.jpg\" class=\"attachment-full size-full\" alt=\"\" srcset=\"https:\/\/www.sirsa.ch\/wp-content\/uploads\/2026\/06\/Le-risque-residentiel-a-change-de-nature.jpg 1720w, https:\/\/www.sirsa.ch\/wp-content\/uploads\/2026\/06\/Le-risque-residentiel-a-change-de-nature-300x291.jpg 300w, https:\/\/www.sirsa.ch\/wp-content\/uploads\/2026\/06\/Le-risque-residentiel-a-change-de-nature-1024x993.jpg 1024w, https:\/\/www.sirsa.ch\/wp-content\/uploads\/2026\/06\/Le-risque-residentiel-a-change-de-nature-768x745.jpg 768w, https:\/\/www.sirsa.ch\/wp-content\/uploads\/2026\/06\/Le-risque-residentiel-a-change-de-nature-1536x1490.jpg 1536w\" sizes=\"(max-width: 1720px) 100vw, 1720px\" \/>                    <\/div>\n                            <\/div>\n            <div class=\"wp-block-acf-numbers-list__col wp-block-acf-numbers-list__col--numbers\">\n                                    \n    <span class=\"wp-block-acf-numbers-list__label\">Einordnung<\/span>\n    <h2 class=\"wp-block-acf-numbers-list__title\">Das Wohnrisiko hat sich grundlegend ver\u00e4ndert.<\/h2>\n    <div class=\"wp-block-acf-numbers-list__description\"><p>2025 verzeichnet in der Schweiz einen allgemeinen R\u00fcckgang der Straftaten um 1,5 %. Eine Entwicklung, die den Eindruck erwecken k\u00f6nnte, dass sich die Sicherheitslage insgesamt verbessert. Dennoch bleibt das Risiko im Wohnbereich sehr real.  <\/p>\n<\/div>\n    <div class=\"wp-block-acf-numbers-list__bottom-description\"><p>In Genf beispielsweise nahmen die Diebst\u00e4hle durch Einbruch und Einschleichen um 7 % zu, von 3\u2019196 auf 3\u2019410 F\u00e4lle. Besonders ausgepr\u00e4gt ist dieser Anstieg in Kellern und Garagen von Mehrfamilienh\u00e4usern, wo die F\u00e4lle um rund 66 % zulegten. Dieser Kontrast zeigt, dass die Kriminalit\u00e4t nicht \u00fcberall im gleichen Mass zur\u00fcckgeht. Sie ver\u00e4ndert ihre Form, organisiert sich zunehmend und zielt pr\u00e4ziser auf die verwundbarsten Bereiche ab.   <\/p>\n<\/div>\n                                                    <div class=\"wp-block-acf-numbers-list__items even\">\n                                                    <div class=\"wp-block-acf-numbers-list__item\">\n                                                                    <div class=\"wp-block-acf-numbers-list__item-label\">Einbr\u00fcche in Genf im Jahr 2025<\/div>\n                                                                <div class=\"wp-block-acf-numbers-list__item-bottom\">\n                                                                            <div class=\"wp-block-acf-numbers-list__item-number\">3410<\/div>\n                                                                                                                <div class=\"wp-block-acf-numbers-list__item-description\">Dies entspricht einem Anstieg von 7 %.<\/div>\n                                                                    <\/div>\n                            <\/div>\n                                                    <div class=\"wp-block-acf-numbers-list__item\">\n                                                                    <div class=\"wp-block-acf-numbers-list__item-label\">Einbr\u00fcche im Kanton Waadt im Jahr 2025<\/div>\n                                                                <div class=\"wp-block-acf-numbers-list__item-bottom\">\n                                                                            <div class=\"wp-block-acf-numbers-list__item-number\">7093<\/div>\n                                                                                                                <div class=\"wp-block-acf-numbers-list__item-description\">Dies entspricht einem Anstieg von 9 %.<\/div>\n                                                                    <\/div>\n                            <\/div>\n                                                    <div class=\"wp-block-acf-numbers-list__item\">\n                                                                    <div class=\"wp-block-acf-numbers-list__item-label\">Einbr\u00fcche und Einschleichen<\/div>\n                                                                <div class=\"wp-block-acf-numbers-list__item-bottom\">\n                                                                            <div class=\"wp-block-acf-numbers-list__item-number\">18<\/div>\n                                                                                                                <div class=\"wp-block-acf-numbers-list__item-description\">Erfasste Home-Jackings im Jahr 2025, gegen\u00fcber 15 im Jahr 2024.<\/div>\n                                                                    <\/div>\n                            <\/div>\n                                                    <div class=\"wp-block-acf-numbers-list__item\">\n                                                                    <div class=\"wp-block-acf-numbers-list__item-label\">Durchgesickerte personenbezogene Daten<\/div>\n                                                                <div class=\"wp-block-acf-numbers-list__item-bottom\">\n                                                                            <div class=\"wp-block-acf-numbers-list__item-number\">2,6 Mrd<\/div>\n                                                                                                                <div class=\"wp-block-acf-numbers-list__item-description\">Neu identifizierte personenbezogene Daten, die 2025 in Umlauf gebracht wurden.<\/div>\n                                                                    <\/div>\n                            <\/div>\n                                            <\/div>\n                                                    \n                                <\/div>\n        <\/div>\n    <\/div>\n<\/section>\n\n<section class=\"white-bg pb-none wp-block-acf-title-text\">\n    <div class=\"container\">\n        <div class=\"wp-block-acf-title-text__grid no-bottom-separator\">\n            <div class=\"wp-block-acf-title-text__col\">\n                                                    <h3 class=\"wp-block-acf-title-text__title\">Vom Einbruch zum Raub\u00fcberfall<\/h3>\n                            <\/div>\n            <div class=\"wp-block-acf-title-text__col\">\n                                    <div class=\"wp-block-acf-title-text__content c-wysiwyg\">\n                        <p>Die am st\u00e4rksten strukturierten organisierten Banden suchen nicht nur nach einer Gelegenheit, sondern nach einem im Voraus identifizierten Ziel. Wenn sie das Vorhandensein von Wertgegenst\u00e4nden vermuten, k\u00f6nnen sie davon ausgehen, dass sich das eigentliche Ziel hinter den Schutzvorrichtungen des Zuhauses befindet, insbesondere in Tresoren. Im Gegensatz zum opportunistischen Einbruch setzt der Raub\u00fcberfall daher eine Vorbereitungsphase voraus: das Auskundschaften der Lebensgewohnheiten, die Beobachtung der Zug\u00e4nge, die Analyse der Anwesenheitszeiten und der sichtbaren Verwundbarkeiten des Haushalts.  <\/p>\n<p>Pr\u00e4vention bedeutet daher, die Sicherheit im Wohnbereich umfassender zu betrachten. Dabei geht es nicht nur um den physischen Schutz des Zuhauses, sondern auch um die Kontrolle der Informationen und Lebensgewohnheiten, die von aussen sichtbar sind.<\/p>\n                    <\/div>\n                            <\/div>\n        <\/div>\n    <\/div>\n<\/section>\n\n<section class=\"light-gray-bg pb-none wp-block-acf-numbers-list\">\n    <div class=\"container\">\n        <div class=\"wp-block-acf-numbers-list__row  no-bottom-separator\">\n\n            <div class=\"wp-block-acf-numbers-list__col wp-block-acf-numbers-list__col--img\">\n                                    <div class=\"wp-block-acf-numbers-list__image\">\n                        <img decoding=\"async\" width=\"1420\" height=\"600\" src=\"https:\/\/www.sirsa.ch\/wp-content\/uploads\/2026\/06\/Les-grands-axes-routiers.jpg\" class=\"attachment-full size-full\" alt=\"\" srcset=\"https:\/\/www.sirsa.ch\/wp-content\/uploads\/2026\/06\/Les-grands-axes-routiers.jpg 1420w, https:\/\/www.sirsa.ch\/wp-content\/uploads\/2026\/06\/Les-grands-axes-routiers-300x127.jpg 300w, https:\/\/www.sirsa.ch\/wp-content\/uploads\/2026\/06\/Les-grands-axes-routiers-1024x433.jpg 1024w, https:\/\/www.sirsa.ch\/wp-content\/uploads\/2026\/06\/Les-grands-axes-routiers-768x325.jpg 768w\" sizes=\"(max-width: 1420px) 100vw, 1420px\" \/>                    <\/div>\n                            <\/div>\n            <div class=\"wp-block-acf-numbers-list__col wp-block-acf-numbers-list__col--numbers\">\n                                    \n    <span class=\"wp-block-acf-numbers-list__label\">Warum die L\u00e9man-Region <\/span>\n    <h2 class=\"wp-block-acf-numbers-list__title\">Eine geografische Lage, die Durchg\u00e4nge erleichtert<\/h2>\n    <div class=\"wp-block-acf-numbers-list__description\"><p>Die lange Grenze zu Frankreich und die grossen Verkehrsachsen erm\u00f6glichen eine schnelle Mobilit\u00e4t zwischen den beiden Ufern des L\u00e9man und dem benachbarten Frankreich. Fedpol stellt fest, dass die Westschweiz st\u00e4rker als andere Regionen von organisierter Kriminalit\u00e4t aus Frankreich betroffen ist. <\/p>\n<\/div>\n                                                                    \n                                <\/div>\n        <\/div>\n    <\/div>\n<\/section>\n\n<section class=\"light-gray-bg pb-60 wp-block-acf-title-text\">\n    <div class=\"container\">\n        <div class=\"wp-block-acf-title-text__grid no-bottom-separator\">\n            <div class=\"wp-block-acf-title-text__col\">\n                                                    <h3 class=\"wp-block-acf-title-text__title\">Ein Wohlstand, der Begehrlichkeiten weckt<\/h3>\n                            <\/div>\n            <div class=\"wp-block-acf-title-text__col\">\n                                    <div class=\"wp-block-acf-title-text__content c-wysiwyg\">\n                        <p>Neutralit\u00e4t, Stabilit\u00e4t und wirtschaftliche Attraktivit\u00e4t haben das Bild eines sicheren Gebiets gepr\u00e4gt. Diese wahrgenommene Ruhe hat jedoch ihren Preis, denn sie kann eine gewisse sicherheitsbezogene Sorglosigkeit beg\u00fcnstigen, der durch konsequente Vorsichtsmassnahmen entgegengewirkt werden muss. <\/p>\n                    <\/div>\n                            <\/div>\n        <\/div>\n    <\/div>\n<\/section>\n\n<section class=\"image-in-container light-gray-bg wp-block-acf-image-cta\">\n            <div class=\"wp-block-acf-image-cta__image wp-block-acf-image-cta__image--desktop\">\n            <img decoding=\"async\" width=\"2560\" height=\"1320\" src=\"https:\/\/www.sirsa.ch\/wp-content\/uploads\/2026\/06\/Une-prosperite-qui-attire-les-convoitises-scaled.jpg\" class=\"attachment-full size-full\" alt=\"\" srcset=\"https:\/\/www.sirsa.ch\/wp-content\/uploads\/2026\/06\/Une-prosperite-qui-attire-les-convoitises-scaled.jpg 2560w, https:\/\/www.sirsa.ch\/wp-content\/uploads\/2026\/06\/Une-prosperite-qui-attire-les-convoitises-300x155.jpg 300w, https:\/\/www.sirsa.ch\/wp-content\/uploads\/2026\/06\/Une-prosperite-qui-attire-les-convoitises-1024x528.jpg 1024w, https:\/\/www.sirsa.ch\/wp-content\/uploads\/2026\/06\/Une-prosperite-qui-attire-les-convoitises-768x396.jpg 768w, https:\/\/www.sirsa.ch\/wp-content\/uploads\/2026\/06\/Une-prosperite-qui-attire-les-convoitises-1536x792.jpg 1536w, https:\/\/www.sirsa.ch\/wp-content\/uploads\/2026\/06\/Une-prosperite-qui-attire-les-convoitises-2048x1056.jpg 2048w\" sizes=\"(max-width: 2560px) 100vw, 2560px\" \/>        <\/div>\n            <\/section>\n\n<section class=\"light-gray-bg pb-60 wp-block-acf-text-accordion\">\n    <div class=\"container\">\n        <div class=\"wp-block-acf-text-accordion__row no-bottom-separator\">\n            <div class=\"wp-block-acf-text-accordion__col col--content\">\n                                    <h3 class=\"wp-block-acf-text-accordion__title\">Ein Zuhause l\u00e4sst sich lesen, noch bevor man sich ihm n\u00e4hert<\/h3>\n                                                    <div class=\"wp-block-acf-text-accordion__top-description c-description\">\n                        <p>Die Verwundbarkeit eines Zuhauses h\u00e4ngt nicht von einem einzelnen Hinweis ab, sondern davon, wie sich verstreute Signale neu zusammensetzen lassen. F\u00fcr sich genommen wirken sie harmlos, zusammen ergeben sie jedoch ein nutzbares Szenario, lange bevor eine erste Ann\u00e4herung erfolgt. <\/p>\n                    <\/div>\n                                                                                    <button class=\"wp-block-acf-text-accordion__button js--open-form-popup\">\n                        <span class=\"c-button__text-wrapper\">\n                            <span class=\"c-button__text c-button__text-top\">Mit SIR vorausdenken<\/span>\n                            <span class=\"c-button__text c-button__text-bottom\" role=\"presentation\" aria-hidden=\"true\">Mit SIR vorausdenken<\/span>\n                        <\/span>\n                        <span class=\"c-button__icons\" role=\"presentation\" aria-hidden=\"true\">\n                            <span class=\"c-button__icon-box\"><\/span>\n                            <span class=\"c-button__bullet-box\">\n                                <span class=\"c-button__bullet\"><\/span>\n                            <\/span>\n                        <\/span>\n                    <\/button>\n                            <\/div>\n            <div class=\"wp-block-acf-text-accordion__col col--accordion\">\n                                    <div class=\"wp-block-acf-text-accordion__accordion\">\n                                                    <div class=\"wp-block-acf-text-accordion__accordion-item js--text-accordion-item is-active\">\n                                <h4 class=\"wp-block-acf-text-accordion__accordion-item-title js--text-accordion-item-header\"\n                                    tabindex=\"0\"\n                                    role=\"button\"\n                                    aria-controls=\"accordion-item-1\"\n                                    aria-expanded=\"true\">\n                                    Das am wenigsten gesch\u00fctzte Glied                                    <span class=\"wp-block-acf-text-accordion__accordion-item-icon\" role=\"presentation\" aria-hidden=\"true\"><\/span>\n                                <\/h4>\n                                <div class=\"wp-block-acf-text-accordion__accordion-item-content js--text-accordion-item-body\"\n                                    aria-labelledby=\"accordion-item-1\"\n                                    aria-hidden=\"false\"\n                                    style=\"display:block;\">\n                                    <p>Das Risiko eines Haushalts geht nicht von seinem sichtbarsten Mitglied aus, sondern vom am wenigsten gesch\u00fctzten. Ein \u00f6ffentlich gebliebenes Konto, eine Adresse auf einem Profil oder in einem Beitrag, die Gewohnheiten einer nahestehenden Person: Ein schwaches Glied gen\u00fcgt, um die ganze Kette offenzulegen. <\/p>\n                                <\/div>\n                            <\/div>\n                                                    <div class=\"wp-block-acf-text-accordion__accordion-item js--text-accordion-item \">\n                                <h4 class=\"wp-block-acf-text-accordion__accordion-item-title js--text-accordion-item-header\"\n                                    tabindex=\"0\"\n                                    role=\"button\"\n                                    aria-controls=\"accordion-item-2\"\n                                    aria-expanded=\"false\">\n                                    Datenlecks und Data Broker.                                    <span class=\"wp-block-acf-text-accordion__accordion-item-icon\" role=\"presentation\" aria-hidden=\"true\"><\/span>\n                                <\/h4>\n                                <div class=\"wp-block-acf-text-accordion__accordion-item-content js--text-accordion-item-body\"\n                                    aria-labelledby=\"accordion-item-2\"\n                                    aria-hidden=\"true\"\n                                    style=\"display:none;\">\n                                    <p>Im Jahr 2025 gelangten mehr als 2,6 Milliarden personenbezogene Daten in Umlauf, 23 % mehr als im Vorjahr, bis hin zu Foren, in denen ein Name gen\u00fcgt, um eine Adresse zur\u00fcckzuverfolgen. Man kann auffindbar werden, ohne selbst etwas preisgegeben zu haben, weil ein Dienstleister gehackt wurde. Diese Informationen sind sogar zu einem eigenen Markt geworden. Weltweit sammeln und verkaufen mehr als 4\u2019000 Datenh\u00e4ndler solche Informationen, und das Schweizer Recht reguliert diese Praxis, ohne sie immer verhindern zu k\u00f6nnen. So kann ein Verm\u00f6gensprofil legal rekonstruiert werden, wenn man weiss, wo man suchen muss.    <\/p>\n                                <\/div>\n                            <\/div>\n                                                    <div class=\"wp-block-acf-text-accordion__accordion-item js--text-accordion-item \">\n                                <h4 class=\"wp-block-acf-text-accordion__accordion-item-title js--text-accordion-item-header\"\n                                    tabindex=\"0\"\n                                    role=\"button\"\n                                    aria-controls=\"accordion-item-3\"\n                                    aria-expanded=\"false\">\n                                    Vom Einbruch zum Home-Jacking                                    <span class=\"wp-block-acf-text-accordion__accordion-item-icon\" role=\"presentation\" aria-hidden=\"true\"><\/span>\n                                <\/h4>\n                                <div class=\"wp-block-acf-text-accordion__accordion-item-content js--text-accordion-item-body\"\n                                    aria-labelledby=\"accordion-item-3\"\n                                    aria-hidden=\"true\"\n                                    style=\"display:none;\">\n                                    <p>Ein Einbruch beruht auf einer Gelegenheit: einem leeren Zuhause und einem einfachen Zugang. Home-Jacking folgt einer vorbereiteten Logik: dem Eindringen in ein bewohntes Zuhause unter Zwang, weil ein verschlossener Tresor einem isolierten Einbruch standhalten kann, sich aber in wenigen Sekunden \u00f6ffnet, wenn der Bewohner dazu gezwungen wird. <\/p>\n                                <\/div>\n                            <\/div>\n                                                    <div class=\"wp-block-acf-text-accordion__accordion-item js--text-accordion-item \">\n                                <h4 class=\"wp-block-acf-text-accordion__accordion-item-title js--text-accordion-item-header\"\n                                    tabindex=\"0\"\n                                    role=\"button\"\n                                    aria-controls=\"accordion-item-4\"\n                                    aria-expanded=\"false\">\n                                    Improvisation weicht Organisation                                    <span class=\"wp-block-acf-text-accordion__accordion-item-icon\" role=\"presentation\" aria-hidden=\"true\"><\/span>\n                                <\/h4>\n                                <div class=\"wp-block-acf-text-accordion__accordion-item-content js--text-accordion-item-body\"\n                                    aria-labelledby=\"accordion-item-4\"\n                                    aria-hidden=\"true\"\n                                    style=\"display:none;\">\n                                    <p>Diese Art von Tat entsteht nicht spontan. Sie setzt Auskundschaftung, die \u00dcberwachung der Zug\u00e4nge und das Erkennen von blinden Flecken voraus. Bei den am st\u00e4rksten strukturierten Operationen kennen sich der Wachposten, der Logistiker und der Hehler m\u00f6glicherweise nicht einmal. Die Rekrutierung erfolgt \u00fcber verschl\u00fcsselte Messenger-Dienste, w\u00e4hrend die Entscheidungstr\u00e4ger weit vom Einsatzgebiet entfernt bleiben, was die Antizipation erschwert. <\/p>\n                                <\/div>\n                            <\/div>\n                                            <\/div>\n                            <\/div>\n        <\/div>\n    <\/div>\n<\/section>\n\n<section class=\"white-bg pb-none wp-block-acf-text-banner\">\n    <div class=\"container\">\n                            <span class=\"wp-block-acf-text-banner__label\">Analyse<\/span>\n                            <h1 class=\"wp-block-acf-text-banner__title wp-block-acf-text-banner__title--js inherit\">Ein hybrides Risiko, bestehend aus drei Verwundbarkeitsebenen.<\/h1>\n                            <div class=\"wp-block-acf-text-banner__main-description\"><p>Vor einer Intrusion, einem Betrug oder einer ungew\u00f6hnlichen Situation k\u00f6nnen mehrere Dimensionen bei der Auswahl eines Ziels eine Rolle spielen. <\/p>\n<\/div>\n                            <div class=\"wp-block-acf-text-banner__description\"><p>Es ist die Kombination mehrerer Elemente, die eine Residenz exponieren kann: was man findet, was man beobachtet, was die Zug\u00e4nge erm\u00f6glichen und was das Sicherheitssystem im Alarmfall tats\u00e4chlich ausl\u00f6st.<\/p>\n<\/div>\n                            <div class=\"wp-block-acf-text-banner__scroll-line wp-block-acf-text-banner__scroll-line--js\">\n                <span class=\"wp-block-acf-text-banner__scroll-line-active\"><\/span>\n            <\/div>\n                <!--  -->\n                                        <\/div>\n<\/section>\n\n<section class=\"wp-block-acf-image-text-rows\">\n    <div class=\"container\">\n                    <div class=\"wp-block-acf-image-text-rows__items\">\n                                    <div class=\"wp-block-acf-image-text-rows__row\">\n                        <div class=\"wp-block-acf-image-text-rows__col wp-block-acf-image-text-rows__col--img\">\n                                                            <div class=\"wp-block-acf-image-text-rows__image\">\n                                    <img decoding=\"async\" width=\"1720\" height=\"1274\" src=\"https:\/\/www.sirsa.ch\/wp-content\/uploads\/2026\/06\/Empreinte-numerique.jpg\" class=\"attachment-full size-full\" alt=\"\" srcset=\"https:\/\/www.sirsa.ch\/wp-content\/uploads\/2026\/06\/Empreinte-numerique.jpg 1720w, https:\/\/www.sirsa.ch\/wp-content\/uploads\/2026\/06\/Empreinte-numerique-300x222.jpg 300w, https:\/\/www.sirsa.ch\/wp-content\/uploads\/2026\/06\/Empreinte-numerique-1024x758.jpg 1024w, https:\/\/www.sirsa.ch\/wp-content\/uploads\/2026\/06\/Empreinte-numerique-768x569.jpg 768w, https:\/\/www.sirsa.ch\/wp-content\/uploads\/2026\/06\/Empreinte-numerique-1536x1138.jpg 1536w\" sizes=\"(max-width: 1720px) 100vw, 1720px\" \/>                                <\/div>\n                                                    <\/div>\n                        <div class=\"wp-block-acf-image-text-rows__col wp-block-acf-image-text-rows__col--content\">\n                                                            <h3 class=\"wp-block-acf-image-text-rows__title\">Digitaler Fussabdruck<\/h3>\n                                                                                        <div class=\"wp-block-acf-image-text-rows__description\"><p>Die Gesamtheit der Spuren, die man online hinterl\u00e4sst, sowohl das, was man selbst ver\u00f6ffentlicht, als auch das, was ohne unser Wissen gesammelt wird. Zusammengenommen zeichnen sie ein erstaunlich pr\u00e4zises Bild davon, wer man ist, welche Gewohnheiten man hat und wer einem nahesteht. <\/p>\n<p>&nbsp;<\/p>\n<ul>\n<li>Ferienbeitr\u00e4ge<\/li>\n<li>\u00d6ffentliche Konten<\/li>\n<li>Alte Inserate<\/li>\n<li>Kompromittierte personenbezogene Daten<\/li>\n<\/ul>\n<\/div>\n                                                    <\/div>\n                    <\/div>\n                                    <div class=\"wp-block-acf-image-text-rows__row\">\n                        <div class=\"wp-block-acf-image-text-rows__col wp-block-acf-image-text-rows__col--img\">\n                                                            <div class=\"wp-block-acf-image-text-rows__image\">\n                                    <img decoding=\"async\" width=\"1420\" height=\"1448\" src=\"https:\/\/www.sirsa.ch\/wp-content\/uploads\/2026\/06\/Habitudes-de-vie.jpg\" class=\"attachment-full size-full\" alt=\"\" srcset=\"https:\/\/www.sirsa.ch\/wp-content\/uploads\/2026\/06\/Habitudes-de-vie.jpg 1420w, https:\/\/www.sirsa.ch\/wp-content\/uploads\/2026\/06\/Habitudes-de-vie-294x300.jpg 294w, https:\/\/www.sirsa.ch\/wp-content\/uploads\/2026\/06\/Habitudes-de-vie-1004x1024.jpg 1004w, https:\/\/www.sirsa.ch\/wp-content\/uploads\/2026\/06\/Habitudes-de-vie-768x783.jpg 768w\" sizes=\"(max-width: 1420px) 100vw, 1420px\" \/>                                <\/div>\n                                                    <\/div>\n                        <div class=\"wp-block-acf-image-text-rows__col wp-block-acf-image-text-rows__col--content\">\n                                                            <h3 class=\"wp-block-acf-image-text-rows__title\">Lebensgewohnheiten<\/h3>\n                                                                                        <div class=\"wp-block-acf-image-text-rows__description\"><p>Das Risiko entsteht nicht nur durch das, was sichtbar ist, sondern auch durch das, was vorhersehbar wird.<\/p>\n<p>&nbsp;<\/p>\n<ul>\n<li>Regelm\u00e4ssige Zeiten und Wege<\/li>\n<li>Familienaktivit\u00e4ten<\/li>\n<li>Wiederkehrende Abwesenheiten<\/li>\n<\/ul>\n<\/div>\n                                                    <\/div>\n                    <\/div>\n                                    <div class=\"wp-block-acf-image-text-rows__row\">\n                        <div class=\"wp-block-acf-image-text-rows__col wp-block-acf-image-text-rows__col--img\">\n                                                            <div class=\"wp-block-acf-image-text-rows__image\">\n                                    <img decoding=\"async\" width=\"1420\" height=\"1450\" src=\"https:\/\/www.sirsa.ch\/wp-content\/uploads\/2026\/06\/Acces-physiques.jpg\" class=\"attachment-full size-full\" alt=\"\" srcset=\"https:\/\/www.sirsa.ch\/wp-content\/uploads\/2026\/06\/Acces-physiques.jpg 1420w, https:\/\/www.sirsa.ch\/wp-content\/uploads\/2026\/06\/Acces-physiques-294x300.jpg 294w, https:\/\/www.sirsa.ch\/wp-content\/uploads\/2026\/06\/Acces-physiques-1003x1024.jpg 1003w, https:\/\/www.sirsa.ch\/wp-content\/uploads\/2026\/06\/Acces-physiques-768x784.jpg 768w\" sizes=\"(max-width: 1420px) 100vw, 1420px\" \/>                                <\/div>\n                                                    <\/div>\n                        <div class=\"wp-block-acf-image-text-rows__col wp-block-acf-image-text-rows__col--content\">\n                                                            <h3 class=\"wp-block-acf-image-text-rows__title\">Physische Zug\u00e4nge<\/h3>\n                                                                                        <div class=\"wp-block-acf-image-text-rows__description\"><p>Ein Zuhause beschr\u00e4nkt sich nicht auf seinen Haupteingang. Die sensiblen Punkte befinden sich oft in Bereichen, denen weniger Aufmerksamkeit geschenkt wird. <\/p>\n<p>&nbsp;<\/p>\n<ul>\n<li>Keller, Garagen, Parkpl\u00e4tze<\/li>\n<li>Balkone und h\u00f6her gelegene Fenster<\/li>\n<li>Sekund\u00e4re Geb\u00e4udezug\u00e4nge<\/li>\n<li>Gemeinschafts- oder Technikr\u00e4ume<\/li>\n<\/ul>\n<\/div>\n                                                    <\/div>\n                    <\/div>\n                            <\/div>\n            <\/div>\n<\/section>\n\n\n<section class=\"light-gray-bg pb-default wp-block-acf-icon-list\">\n    <div class=\"container\">\n        <div class=\"wp-block-acf-icon-list__row  no-bottom-separator\">\n            <div class=\"wp-block-acf-icon-list__col wp-block-acf-icon-list__col--img\">\n                                    <div class=\"wp-block-acf-icon-list__img-box\">\n                        <img decoding=\"async\" width=\"1720\" height=\"2036\" src=\"https:\/\/www.sirsa.ch\/wp-content\/uploads\/2026\/06\/Prenez-une-longueur-davance-avec-un-partenaire-de-confiance.jpg\" class=\"attachment-full size-full\" alt=\"\" srcset=\"https:\/\/www.sirsa.ch\/wp-content\/uploads\/2026\/06\/Prenez-une-longueur-davance-avec-un-partenaire-de-confiance.jpg 1720w, https:\/\/www.sirsa.ch\/wp-content\/uploads\/2026\/06\/Prenez-une-longueur-davance-avec-un-partenaire-de-confiance-253x300.jpg 253w, https:\/\/www.sirsa.ch\/wp-content\/uploads\/2026\/06\/Prenez-une-longueur-davance-avec-un-partenaire-de-confiance-865x1024.jpg 865w, https:\/\/www.sirsa.ch\/wp-content\/uploads\/2026\/06\/Prenez-une-longueur-davance-avec-un-partenaire-de-confiance-768x909.jpg 768w, https:\/\/www.sirsa.ch\/wp-content\/uploads\/2026\/06\/Prenez-une-longueur-davance-avec-un-partenaire-de-confiance-1298x1536.jpg 1298w\" sizes=\"(max-width: 1720px) 100vw, 1720px\" \/>                    <\/div>\n                            <\/div>\n            <div class=\"wp-block-acf-icon-list__col wp-block-acf-icon-list__col--content\">\n                                    <h2 class=\"wp-block-acf-icon-list__label\">SIR-Ansatz<\/h2>\n                                                    <h2 class=\"wp-block-acf-icon-list__title\">Ein umfassender Ansatz f\u00fcr die Sicherheit im Wohnbereich.<\/h2>\n                                                    <div class=\"wp-block-acf-icon-list__description c-wysiwyg\"><p>Dieser Ansatz verbindet Expositionssignale, den physischen Schutz des Zuhauses und die Interventionsf\u00e4higkeit. So wird der \u00dcbergang von einer rein reaktiven Sicherheit zu einer umfassenderen Pr\u00e4vention m\u00f6glich. <\/p>\n<\/div>\n                                                    <div class=\"wp-block-acf-icon-list__lists\">\n                                                    <div class=\"wp-block-acf-icon-list__lists-item\">\n                                                                    <div class=\"wp-block-acf-icon-list__lists-item-icon\">\n                                        <div class=\"wp-block-acf-icon-list__lists-item-icon-box\">\n                                            <img decoding=\"async\" width=\"64\" height=\"64\" src=\"https:\/\/www.sirsa.ch\/wp-content\/uploads\/2026\/06\/icon-eye.svg\" class=\"attachment-full size-full\" alt=\"\" \/>                                        <\/div>\n                                    <\/div>\n                                                                                                    <h3 class=\"wp-block-acf-icon-list__lists-item-title\">Vorbeugen<\/h3>\n                                                                                                    <div class=\"wp-block-acf-icon-list__lists-item-description\"><p>Verwundbarkeiten beurteilen, bevor sie zu Gelegenheiten werden.<\/p>\n<p>SIR SA analysiert den spezifischen Kontext jeder Residenz: die Konfiguration der R\u00e4umlichkeiten, die Nutzungsgewohnheiten, sekund\u00e4re Zug\u00e4nge, den Expositionsgrad, bestehende Sicherheitsvorrichtungen und Abwesenheitsszenarien. Diese Analyse erm\u00f6glicht es, sensible Punkte zu identifizieren und Handlungspriorit\u00e4ten festzulegen. <\/p>\n<\/div>\n                                                            <\/div>\n                                                    <div class=\"wp-block-acf-icon-list__lists-item\">\n                                                                    <div class=\"wp-block-acf-icon-list__lists-item-icon\">\n                                        <div class=\"wp-block-acf-icon-list__lists-item-icon-box\">\n                                            <img decoding=\"async\" width=\"54\" height=\"54\" src=\"https:\/\/www.sirsa.ch\/wp-content\/uploads\/2025\/04\/Icon-shield.svg\" class=\"attachment-full size-full\" alt=\"\" \/>                                        <\/div>\n                                    <\/div>\n                                                                                                    <h3 class=\"wp-block-acf-icon-list__lists-item-title\">Sch\u00fctzen<\/h3>\n                                                                                                    <div class=\"wp-block-acf-icon-list__lists-item-description\"><p>Sicherheitsmassnahmen an die tats\u00e4chlichen Anforderungen des Zuhauses anpassen.<\/p>\n<p>Der Schutz beruht nicht auf einer Standardl\u00f6sung. Je nach Bedarf kombiniert er die Sicherung der Zug\u00e4nge, Alarmsysteme, die Kontrolle von Nebenbereichen, personalisierte Vorgaben f\u00fcr Kontrollrundg\u00e4nge, die Koordination mit den Bewohnern sowie die Einbindung bereits vorhandener Ausr\u00fcstung. <\/p>\n<\/div>\n                                                            <\/div>\n                                                    <div class=\"wp-block-acf-icon-list__lists-item\">\n                                                                    <div class=\"wp-block-acf-icon-list__lists-item-icon\">\n                                        <div class=\"wp-block-acf-icon-list__lists-item-icon-box\">\n                                            <img decoding=\"async\" width=\"54\" height=\"54\" src=\"https:\/\/www.sirsa.ch\/wp-content\/uploads\/2025\/05\/Icon-shield-warning.svg\" class=\"attachment-full size-full\" alt=\"\" \/>                                        <\/div>\n                                    <\/div>\n                                                                                                    <h3 class=\"wp-block-acf-icon-list__lists-item-title\">ReagierenR\u00e9agir<\/h3>\n                                                                                                    <div class=\"wp-block-acf-icon-list__lists-item-description\"><p>Eine klare Reaktion sicherstellen, wenn ein Signal ausgel\u00f6st wird.<\/p>\n<p>Im Vorfeld ist es wichtig, Ihre Sicherheitssysteme sowie die Kontaktliste zu aktualisieren. Im Falle eines Alarms oder einer ungew\u00f6hnlichen Situation h\u00e4ngt die Wirksamkeit nicht nur von der Schnelligkeit der Intervention ab, sondern auch von der Qualit\u00e4t der im Voraus festgelegten Anweisungen: Alarmverifizierung, Notfallkontakte, Handlungspriorit\u00e4ten und situationsabh\u00e4ngige Koordination. <\/p>\n<\/div>\n                                                            <\/div>\n                                            <\/div>\n                \n                                                                <\/div>\n        <\/div>\n    <\/div>\n<\/section>\n\n<section class=\"white-bg pb-none wp-block-acf-text-accordion\">\n    <div class=\"container\">\n        <div class=\"wp-block-acf-text-accordion__row \">\n            <div class=\"wp-block-acf-text-accordion__col col--content\">\n                                    <h3 class=\"wp-block-acf-text-accordion__title\">Lernen, die Verwundbarkeiten Ihres Zuhauses zu erkennen.<\/h3>\n                                                    <div class=\"wp-block-acf-text-accordion__top-description c-description\">\n                        <p>Die Analyse des Wohnrisikos beruht auf einer einfachen Methode, die sich auf jeden Bereich des Zuhauses anwenden l\u00e4sst.<\/p>\n                    <\/div>\n                                                    <div class=\"wp-block-acf-text-accordion__bottom-description c-description\">\n                        <ol>\n<li>Sehen, was der Haushalt nach aussen sichtbar macht, online ebenso wie physisch.<\/li>\n<li>Ableiten, was ein Dritter daraus versteht, sobald die Hinweise zusammengef\u00fchrt werden.<\/li>\n<li>Antizipieren, was man einrichtet, bevor ein Vorfall eintritt.<\/li>\n<\/ol>\n                    <\/div>\n                                                                                                <\/div>\n            <div class=\"wp-block-acf-text-accordion__col col--accordion\">\n                                    <div class=\"wp-block-acf-text-accordion__accordion\">\n                                                    <div class=\"wp-block-acf-text-accordion__accordion-item js--text-accordion-item is-active\">\n                                <h4 class=\"wp-block-acf-text-accordion__accordion-item-title js--text-accordion-item-header\"\n                                    tabindex=\"0\"\n                                    role=\"button\"\n                                    aria-controls=\"accordion-item-1\"\n                                    aria-expanded=\"true\">\n                                    Abwesenheiten                                    <span class=\"wp-block-acf-text-accordion__accordion-item-icon\" role=\"presentation\" aria-hidden=\"true\"><\/span>\n                                <\/h4>\n                                <div class=\"wp-block-acf-text-accordion__accordion-item-content js--text-accordion-item-body\"\n                                    aria-labelledby=\"accordion-item-1\"\n                                    aria-hidden=\"false\"\n                                    style=\"display:block;\">\n                                    <ul>\n<li>Man sieh<strong>t:<\/strong> Ferien, die in sozialen Netzwerken ver\u00f6ffentlicht werden, Live-Storys, ein voller Briefkasten, geschlossene Fensterl\u00e4den.<\/li>\n<li><strong>Man leitet ab<\/strong>: Das Zuhause ist leer und f\u00fcr wie lange.<\/li>\n<li><strong>Man antizipiert<\/strong>: Erst nach der R\u00fcckkehr ver\u00f6ffentlichen, die Post abholen lassen, keine Reisedaten ank\u00fcndigen.<\/li>\n<\/ul>\n                                <\/div>\n                            <\/div>\n                                                    <div class=\"wp-block-acf-text-accordion__accordion-item js--text-accordion-item \">\n                                <h4 class=\"wp-block-acf-text-accordion__accordion-item-title js--text-accordion-item-header\"\n                                    tabindex=\"0\"\n                                    role=\"button\"\n                                    aria-controls=\"accordion-item-2\"\n                                    aria-expanded=\"false\">\n                                    Familienroutinen                                    <span class=\"wp-block-acf-text-accordion__accordion-item-icon\" role=\"presentation\" aria-hidden=\"true\"><\/span>\n                                <\/h4>\n                                <div class=\"wp-block-acf-text-accordion__accordion-item-content js--text-accordion-item-body\"\n                                    aria-labelledby=\"accordion-item-2\"\n                                    aria-hidden=\"true\"\n                                    style=\"display:none;\">\n                                    <ul>\n<li><strong>Man sieht:<\/strong> Sportzeiten, regelm\u00e4ssige Wege, Schulabholungen, wiederkehrende Fahrten.<\/li>\n<li><strong>Man leitet ab: die Zeitfenster, in denen das Zuhause unbewohnt bleibt.On d\u00e9duit<\/strong> : Les cr\u00e9neaux o\u00f9 le domicile reste sans pr\u00e9sence.<\/li>\n<li><strong>Man antizipiert<\/strong>: Wiederkehrende Sportbeitr\u00e4ge einschr\u00e4nken, die diese Zeitfenster vorhersehbar machen, und die Routine von Zeit zu Zeit \u00e4ndern.<\/li>\n<\/ul>\n                                <\/div>\n                            <\/div>\n                                                    <div class=\"wp-block-acf-text-accordion__accordion-item js--text-accordion-item \">\n                                <h4 class=\"wp-block-acf-text-accordion__accordion-item-title js--text-accordion-item-header\"\n                                    tabindex=\"0\"\n                                    role=\"button\"\n                                    aria-controls=\"accordion-item-3\"\n                                    aria-expanded=\"false\">\n                                    Online-Informationen                                    <span class=\"wp-block-acf-text-accordion__accordion-item-icon\" role=\"presentation\" aria-hidden=\"true\"><\/span>\n                                <\/h4>\n                                <div class=\"wp-block-acf-text-accordion__accordion-item-content js--text-accordion-item-body\"\n                                    aria-labelledby=\"accordion-item-3\"\n                                    aria-hidden=\"true\"\n                                    style=\"display:none;\">\n                                    <ul>\n<li><strong>Man sieht<\/strong>: \u00f6ffentliche Profile, alte Inserate, geolokalisierte Fotos, eine identifizierbare Adresse.<\/li>\n<li><strong>Man leitet ab<\/strong>: wer dort lebt, der wahrgenommene Lebensstandard, interessante Wertgegenst\u00e4nde und der Standort des Zuhauses.<\/li>\n<li><strong>Man antizipiert<\/strong>: Den eigenen Namen im Internet suchen, die Social-Media-Konten des Haushalts auf privat stellen und \u00dcberfl\u00fcssiges entfernen.<\/li>\n<\/ul>\n                                <\/div>\n                            <\/div>\n                                                    <div class=\"wp-block-acf-text-accordion__accordion-item js--text-accordion-item \">\n                                <h4 class=\"wp-block-acf-text-accordion__accordion-item-title js--text-accordion-item-header\"\n                                    tabindex=\"0\"\n                                    role=\"button\"\n                                    aria-controls=\"accordion-item-4\"\n                                    aria-expanded=\"false\">\n                                    Sekund\u00e4re Zug\u00e4nge                                    <span class=\"wp-block-acf-text-accordion__accordion-item-icon\" role=\"presentation\" aria-hidden=\"true\"><\/span>\n                                <\/h4>\n                                <div class=\"wp-block-acf-text-accordion__accordion-item-content js--text-accordion-item-body\"\n                                    aria-labelledby=\"accordion-item-4\"\n                                    aria-hidden=\"true\"\n                                    style=\"display:none;\">\n                                    <ul>\n<li><strong>Man sieht<\/strong>: ein erreichbares Fenster im Obergeschoss, eine Terrasse, ein Dachfenster, eine Servicet\u00fcr, eine Garage.<\/li>\n<li><strong>Man leitet ab<\/strong>: Einstiegspunkte, die von einem auf das Erdgeschoss ausgerichteten Schutzkonzept \u00fcbersehen werden.<\/li>\n<li><strong>Man antizipiert<\/strong>: Sicherheit r\u00e4umlich denken und auch h\u00f6her gelegene Ebenen absichern.<\/li>\n<\/ul>\n                                <\/div>\n                            <\/div>\n                                                    <div class=\"wp-block-acf-text-accordion__accordion-item js--text-accordion-item \">\n                                <h4 class=\"wp-block-acf-text-accordion__accordion-item-title js--text-accordion-item-header\"\n                                    tabindex=\"0\"\n                                    role=\"button\"\n                                    aria-controls=\"accordion-item-5\"\n                                    aria-expanded=\"false\">\n                                    Fahrzeuge                                    <span class=\"wp-block-acf-text-accordion__accordion-item-icon\" role=\"presentation\" aria-hidden=\"true\"><\/span>\n                                <\/h4>\n                                <div class=\"wp-block-acf-text-accordion__accordion-item-content js--text-accordion-item-body\"\n                                    aria-labelledby=\"accordion-item-5\"\n                                    aria-hidden=\"true\"\n                                    style=\"display:none;\">\n                                    <ul>\n<li><strong>Man sieht<\/strong>: einen \u00fcber mehrere Tage leeren Parkplatz, ein hochwertiges Modell, ein Fahrzeug, das sich mehrere Tage lang nicht bewegt.<\/li>\n<li><strong>Man leitet ab<\/strong>: eine Abwesenheit, ein hoher Lebensstandard.<\/li>\n<li>Man antizipiert: Fahrzeuge nach M\u00f6glichkeit in einer Garage abstellen und die mit den Kontrollschildern verbundenen Daten sch\u00fctzen, insbesondere im Autoindex.<\/li>\n<\/ul>\n                                <\/div>\n                            <\/div>\n                                                    <div class=\"wp-block-acf-text-accordion__accordion-item js--text-accordion-item \">\n                                <h4 class=\"wp-block-acf-text-accordion__accordion-item-title js--text-accordion-item-header\"\n                                    tabindex=\"0\"\n                                    role=\"button\"\n                                    aria-controls=\"accordion-item-6\"\n                                    aria-expanded=\"false\">\n                                    Wertgegenst\u00e4nde                                    <span class=\"wp-block-acf-text-accordion__accordion-item-icon\" role=\"presentation\" aria-hidden=\"true\"><\/span>\n                                <\/h4>\n                                <div class=\"wp-block-acf-text-accordion__accordion-item-content js--text-accordion-item-body\"\n                                    aria-labelledby=\"accordion-item-6\"\n                                    aria-hidden=\"true\"\n                                    style=\"display:none;\">\n                                    <ul>\n<li>Man sieht: Uhren, Schmuck, Kunstwerke oder Ausstattungen, die im Hintergrund eines Fotos sichtbar sind.<\/li>\n<li><strong>Man leitet ab<\/strong>: das wahrscheinliche Vorhandensein eines Tresors, einer Schmuckschatulle oder anderer Wertgegenst\u00e4nde.<\/li>\n<li><strong>Man antizipiert<\/strong>: Vor der Ver\u00f6ffentlichung pr\u00fcfen, was ein Bild rund um das eigentliche Motiv preisgibt.<\/li>\n<\/ul>\n                                <\/div>\n                            <\/div>\n                                            <\/div>\n                            <\/div>\n        <\/div>\n    <\/div>\n<\/section>\n\n<section class=\"white-bg pb-none wp-block-acf-icon-list\">\n    <div class=\"container\">\n        <div class=\"wp-block-acf-icon-list__row row-reverse no-bottom-separator\">\n            <div class=\"wp-block-acf-icon-list__col wp-block-acf-icon-list__col--img\">\n                                    <div class=\"wp-block-acf-icon-list__img-box\">\n                        <img decoding=\"async\" width=\"1720\" height=\"874\" src=\"https:\/\/www.sirsa.ch\/wp-content\/uploads\/2026\/06\/Dispositif-physique-de-securite.jpg\" class=\"attachment-full size-full\" alt=\"\" srcset=\"https:\/\/www.sirsa.ch\/wp-content\/uploads\/2026\/06\/Dispositif-physique-de-securite.jpg 1720w, https:\/\/www.sirsa.ch\/wp-content\/uploads\/2026\/06\/Dispositif-physique-de-securite-300x152.jpg 300w, https:\/\/www.sirsa.ch\/wp-content\/uploads\/2026\/06\/Dispositif-physique-de-securite-1024x520.jpg 1024w, https:\/\/www.sirsa.ch\/wp-content\/uploads\/2026\/06\/Dispositif-physique-de-securite-768x390.jpg 768w, https:\/\/www.sirsa.ch\/wp-content\/uploads\/2026\/06\/Dispositif-physique-de-securite-1536x781.jpg 1536w\" sizes=\"(max-width: 1720px) 100vw, 1720px\" \/>                    <\/div>\n                            <\/div>\n            <div class=\"wp-block-acf-icon-list__col wp-block-acf-icon-list__col--content\">\n                                    <h2 class=\"wp-block-acf-icon-list__label\">Ins Handeln kommen<\/h2>\n                                                    <h2 class=\"wp-block-acf-icon-list__title\">Absicherung<\/h2>\n                                                                    <div class=\"wp-block-acf-icon-list__lists\">\n                                                    <div class=\"wp-block-acf-icon-list__lists-item\">\n                                                                    <div class=\"wp-block-acf-icon-list__lists-item-icon\">\n                                        <div class=\"wp-block-acf-icon-list__lists-item-icon-box\">\n                                            <img decoding=\"async\" width=\"64\" height=\"64\" src=\"https:\/\/www.sirsa.ch\/wp-content\/uploads\/2026\/06\/Icon-Validation.svg\" class=\"attachment-full size-full\" alt=\"\" \/>                                        <\/div>\n                                    <\/div>\n                                                                                                    <h3 class=\"wp-block-acf-icon-list__lists-item-title\">Digitale Hygiene<\/h3>\n                                                                                                    <div class=\"wp-block-acf-icon-list__lists-item-description\"><p>Suchen Sie Ihre Namen online und pr\u00fcfen Sie mit einem Tool wie \u00ab<strong>Have I Been Pwned<\/strong>\u00bb, ob Ihre Adressen in bekannten Datenlecks auftauchen. Achten Sie anschliessend darauf, f\u00fcr jeden Dienst ein eigenes Passwort zu verwenden, und aktivieren Sie die Zwei-Faktor-Authentifizierung f\u00fcr Ihre sensiblen Online-Konten. <\/p>\n<\/div>\n                                                            <\/div>\n                                                    <div class=\"wp-block-acf-icon-list__lists-item\">\n                                                                    <div class=\"wp-block-acf-icon-list__lists-item-icon\">\n                                        <div class=\"wp-block-acf-icon-list__lists-item-icon-box\">\n                                            <img decoding=\"async\" width=\"54\" height=\"54\" src=\"https:\/\/www.sirsa.ch\/wp-content\/uploads\/2025\/05\/Icon-surveillance.svg\" class=\"attachment-full size-full\" alt=\"\" \/>                                        <\/div>\n                                    <\/div>\n                                                                                                    <h3 class=\"wp-block-acf-icon-list__lists-item-title\">Physisches Sicherheitssystem<\/h3>\n                                                                                                    <div class=\"wp-block-acf-icon-list__lists-item-description\"><p>Ein intelligentes Sicherheitsnetz, bei dem strategisch platzierte Detektions- und Alarmsysteme, die an eine Zentrale angeschlossen sind, jede Anomalie \u00fcberpr\u00fcfen und, falls es die Situation erfordert, so rasch wie m\u00f6glich den Einsatz von Sicherheitskr\u00e4ften veranlassen.<\/p>\n<\/div>\n                                                            <\/div>\n                                            <\/div>\n                \n                                                                <\/div>\n        <\/div>\n    <\/div>\n<\/section>\n\n<section class=\"white-bg pb-60 wp-block-acf-title-text\">\n    <div class=\"container\">\n        <div class=\"wp-block-acf-title-text__grid no-bottom-separator\">\n            <div class=\"wp-block-acf-title-text__col\">\n                                                    <h3 class=\"wp-block-acf-title-text__title\">Der Wert einer Sicherheitsstrategie liegt in ihrer Pr\u00e4zision.<\/h3>\n                            <\/div>\n            <div class=\"wp-block-acf-title-text__col\">\n                                    <div class=\"wp-block-acf-title-text__content c-wysiwyg\">\n                        <p>Das Erkennen, Priorisieren und die Definition der richtigen Reaktion auf diese schwachen Signale erm\u00f6glichen den \u00dcbergang von einer standardisierten Schutzlogik zu einer Strategie, die wirklich auf Ihre Residenz abgestimmt ist.<\/p>\n                    <\/div>\n                            <\/div>\n        <\/div>\n    <\/div>\n<\/section>\n\n<section class=\"wp-block-acf-images-slider\">\n    <div class=\"splide wp-block-acf-images-slider__slider js--images-slider\">\n        <div class=\"splide__track\">\n            <div class=\"splide__list\">\n                                    <div class=\"wp-block-acf-images-slider__slide splide__slide\">\n                                                    <div class=\"wp-block-acf-images-slider__slide-image\">\n                                <img decoding=\"async\" width=\"1550\" height=\"1024\" src=\"https:\/\/www.sirsa.ch\/wp-content\/uploads\/2025\/05\/sirsa-brigades-d-intervention-mobiles-toujours-pretes-a-intervenir.png\" class=\"attachment-full size-full\" alt=\"\" \/>                            <\/div>\n                                            <\/div>\n                                    <div class=\"wp-block-acf-images-slider__slide splide__slide\">\n                                                    <div class=\"wp-block-acf-images-slider__slide-image\">\n                                <img decoding=\"async\" width=\"374\" height=\"464\" src=\"https:\/\/www.sirsa.ch\/wp-content\/uploads\/2025\/05\/sirsa-plus-de-47-ans-d-engagement-dans-la-securite-privee-suisse-1.png\" class=\"attachment-full size-full\" alt=\"\" \/>                            <\/div>\n                                            <\/div>\n                                    <div class=\"wp-block-acf-images-slider__slide splide__slide\">\n                                                    <div class=\"wp-block-acf-images-slider__slide-image\">\n                                <img decoding=\"async\" width=\"374\" height=\"464\" src=\"https:\/\/www.sirsa.ch\/wp-content\/uploads\/2025\/05\/sirsa-standards-de-la-securite-en-suisse.png\" class=\"attachment-full size-full\" alt=\"\" \/>                            <\/div>\n                                            <\/div>\n                                    <div class=\"wp-block-acf-images-slider__slide splide__slide\">\n                                                    <div class=\"wp-block-acf-images-slider__slide-image\">\n                                <img decoding=\"async\" width=\"1550\" height=\"1024\" src=\"https:\/\/www.sirsa.ch\/wp-content\/uploads\/2025\/05\/sirsa-service-presence-physique-5.png\" class=\"attachment-full size-full\" alt=\"\" srcset=\"https:\/\/www.sirsa.ch\/wp-content\/uploads\/2025\/05\/sirsa-service-presence-physique-5.png 1550w, https:\/\/www.sirsa.ch\/wp-content\/uploads\/2025\/05\/sirsa-service-presence-physique-5-300x198.png 300w, https:\/\/www.sirsa.ch\/wp-content\/uploads\/2025\/05\/sirsa-service-presence-physique-5-1024x677.png 1024w, https:\/\/www.sirsa.ch\/wp-content\/uploads\/2025\/05\/sirsa-service-presence-physique-5-768x507.png 768w, https:\/\/www.sirsa.ch\/wp-content\/uploads\/2025\/05\/sirsa-service-presence-physique-5-1536x1015.png 1536w\" sizes=\"(max-width: 1550px) 100vw, 1550px\" \/>                            <\/div>\n                                            <\/div>\n                                    <div class=\"wp-block-acf-images-slider__slide splide__slide\">\n                                                    <div class=\"wp-block-acf-images-slider__slide-image\">\n                                <img decoding=\"async\" width=\"374\" height=\"464\" src=\"https:\/\/www.sirsa.ch\/wp-content\/uploads\/2025\/05\/sirsa-conseillers.png\" class=\"attachment-full size-full\" alt=\"\" \/>                            <\/div>\n                                            <\/div>\n                                    <div class=\"wp-block-acf-images-slider__slide splide__slide\">\n                                                    <div class=\"wp-block-acf-images-slider__slide-image\">\n                                <img decoding=\"async\" width=\"374\" height=\"464\" src=\"https:\/\/www.sirsa.ch\/wp-content\/uploads\/2025\/05\/sirsa-notre-coeur-de-metier-1.png\" class=\"attachment-full size-full\" alt=\"\" \/>                            <\/div>\n                                            <\/div>\n                                    <div class=\"wp-block-acf-images-slider__slide splide__slide\">\n                                                    <div class=\"wp-block-acf-images-slider__slide-image\">\n                                <img decoding=\"async\" width=\"374\" height=\"464\" src=\"https:\/\/www.sirsa.ch\/wp-content\/uploads\/2025\/05\/sirsa-intervenir-en-cas-d-alerte.png\" class=\"attachment-full size-full\" alt=\"\" \/>                            <\/div>\n                                            <\/div>\n                                    <div class=\"wp-block-acf-images-slider__slide splide__slide\">\n                                                    <div class=\"wp-block-acf-images-slider__slide-image\">\n                                <img decoding=\"async\" width=\"1550\" height=\"1024\" src=\"https:\/\/www.sirsa.ch\/wp-content\/uploads\/2025\/05\/sirsa-controler-les-acces.png\" class=\"attachment-full size-full\" alt=\"\" \/>                            <\/div>\n                                            <\/div>\n                                    <div class=\"wp-block-acf-images-slider__slide splide__slide\">\n                                                    <div class=\"wp-block-acf-images-slider__slide-image\">\n                                <img decoding=\"async\" width=\"374\" height=\"464\" src=\"https:\/\/www.sirsa.ch\/wp-content\/uploads\/2025\/05\/image-gallery-3.png\" class=\"attachment-full size-full\" alt=\"\" srcset=\"https:\/\/www.sirsa.ch\/wp-content\/uploads\/2025\/05\/image-gallery-3.png 374w, https:\/\/www.sirsa.ch\/wp-content\/uploads\/2025\/05\/image-gallery-3-242x300.png 242w\" sizes=\"(max-width: 374px) 100vw, 374px\" \/>                            <\/div>\n                                            <\/div>\n                                    <div class=\"wp-block-acf-images-slider__slide splide__slide\">\n                                                    <div class=\"wp-block-acf-images-slider__slide-image\">\n                                <img decoding=\"async\" width=\"374\" height=\"464\" src=\"https:\/\/www.sirsa.ch\/wp-content\/uploads\/2025\/04\/service-banner9.png\" class=\"attachment-full size-full\" alt=\"\" srcset=\"https:\/\/www.sirsa.ch\/wp-content\/uploads\/2025\/04\/service-banner9.png 374w, https:\/\/www.sirsa.ch\/wp-content\/uploads\/2025\/04\/service-banner9-242x300.png 242w\" sizes=\"(max-width: 374px) 100vw, 374px\" \/>                            <\/div>\n                                            <\/div>\n                                    <div class=\"wp-block-acf-images-slider__slide splide__slide\">\n                                                    <div class=\"wp-block-acf-images-slider__slide-image\">\n                                <img decoding=\"async\" width=\"748\" height=\"464\" src=\"https:\/\/www.sirsa.ch\/wp-content\/uploads\/2025\/05\/Image-gallery.png\" class=\"attachment-full size-full\" alt=\"\" srcset=\"https:\/\/www.sirsa.ch\/wp-content\/uploads\/2025\/05\/Image-gallery.png 748w, https:\/\/www.sirsa.ch\/wp-content\/uploads\/2025\/05\/Image-gallery-300x186.png 300w\" sizes=\"(max-width: 748px) 100vw, 748px\" \/>                            <\/div>\n                                            <\/div>\n                                    <div class=\"wp-block-acf-images-slider__slide splide__slide\">\n                                                    <div class=\"wp-block-acf-images-slider__slide-image\">\n                                <img decoding=\"async\" width=\"374\" height=\"464\" src=\"https:\/\/www.sirsa.ch\/wp-content\/uploads\/2025\/05\/Image-gallery-2.png\" class=\"attachment-full size-full\" alt=\"\" srcset=\"https:\/\/www.sirsa.ch\/wp-content\/uploads\/2025\/05\/Image-gallery-2.png 374w, https:\/\/www.sirsa.ch\/wp-content\/uploads\/2025\/05\/Image-gallery-2-242x300.png 242w\" sizes=\"(max-width: 374px) 100vw, 374px\" \/>                            <\/div>\n                                            <\/div>\n                                    <div class=\"wp-block-acf-images-slider__slide splide__slide\">\n                                                    <div class=\"wp-block-acf-images-slider__slide-image\">\n                                <img decoding=\"async\" width=\"1550\" height=\"1024\" src=\"https:\/\/www.sirsa.ch\/wp-content\/uploads\/2025\/05\/sirsa-renforcer-votre-dispositif-avec-des-agents-formes-1.png\" class=\"attachment-full size-full\" alt=\"\" \/>                            <\/div>\n                                            <\/div>\n                                    <div class=\"wp-block-acf-images-slider__slide splide__slide\">\n                                                    <div class=\"wp-block-acf-images-slider__slide-image\">\n                                <img decoding=\"async\" width=\"374\" height=\"464\" src=\"https:\/\/www.sirsa.ch\/wp-content\/uploads\/2025\/05\/sirsa-reduire-vos-risques-garantir-la-continuite-de-vos-operations-1.png\" class=\"attachment-full size-full\" alt=\"\" \/>                            <\/div>\n                                            <\/div>\n                            <\/div>\n        <\/div>\n    <\/div>\n<\/section>\n\n<section class=\"light-bg pb-none wp-block-acf-numbers-list\">\n    <div class=\"container\">\n        <div class=\"wp-block-acf-numbers-list__row row-reverse no-bottom-separator\">\n\n            <div class=\"wp-block-acf-numbers-list__col wp-block-acf-numbers-list__col--img\">\n                                    <div class=\"wp-block-acf-numbers-list__image\">\n                        <img decoding=\"async\" width=\"1010\" height=\"783\" src=\"https:\/\/www.sirsa.ch\/wp-content\/uploads\/2026\/06\/Absences-et-voyages.jpg\" class=\"attachment-full size-full\" alt=\"\" srcset=\"https:\/\/www.sirsa.ch\/wp-content\/uploads\/2026\/06\/Absences-et-voyages.jpg 1010w, https:\/\/www.sirsa.ch\/wp-content\/uploads\/2026\/06\/Absences-et-voyages-300x233.jpg 300w, https:\/\/www.sirsa.ch\/wp-content\/uploads\/2026\/06\/Absences-et-voyages-768x595.jpg 768w\" sizes=\"(max-width: 1010px) 100vw, 1010px\" \/>                    <\/div>\n                            <\/div>\n            <div class=\"wp-block-acf-numbers-list__col wp-block-acf-numbers-list__col--numbers\">\n                                    \n    <span class=\"wp-block-acf-numbers-list__label\">Aufschlussreicher Fall<\/span>\n    <h2 class=\"wp-block-acf-numbers-list__title\">Wenn digitale Exposition zu einem physischen Risikofaktor wird.<\/h2>\n    <div class=\"wp-block-acf-numbers-list__description\"><p>Einige aktuelle F\u00e4lle im benachbarten Frankreich haben gezeigt, dass stark exponierte Personen, insbesondere im Krypto-\u00d6kosystem oder im Zusammenhang mit Datenlecks, gezielt angegriffen werden konnten, nachdem ihr Umfeld, ihr Lebensstandard oder ihre Angeh\u00f6rigen identifiziert worden waren.<\/p>\n<\/div>\n    <div class=\"wp-block-acf-numbers-list__bottom-description\"><p>Diese Situationen bleiben spezifisch und stellen keine allgemeine Bedrohung dar. Sie erinnern jedoch daran, dass online sichtbare Informationen manchmal zu einem physischen Risiko beitragen k\u00f6nnen, wenn sie R\u00fcckschl\u00fcsse auf eine Identit\u00e4t, einen Standort, eine Routine oder ein Umfeld erm\u00f6glichen. <\/p>\n<\/div>\n                                                                    \n                                <\/div>\n        <\/div>\n    <\/div>\n<\/section>\n\n<section class=\"light-bg pb-none wp-block-acf-title-text\">\n    <div class=\"container\">\n        <div class=\"wp-block-acf-title-text__grid \">\n            <div class=\"wp-block-acf-title-text__col\">\n                                                    <h3 class=\"wp-block-acf-title-text__title\">SIR analyse<\/h3>\n                            <\/div>\n            <div class=\"wp-block-acf-title-text__col\">\n                                    <div class=\"wp-block-acf-title-text__content c-wysiwyg\">\n                        <p>Diese F\u00e4lle zeigen, dass ein physisches Risiko mit einer informationellen Exposition beginnen kann. Entscheidend ist, zu erkennen, was ein Profil, eine Routine oder einen sensiblen Punkt offenlegt, bevor diese Elemente ausgenutzt werden k\u00f6nnen. <\/p>\n                    <\/div>\n                            <\/div>\n        <\/div>\n    <\/div>\n<\/section>\n\n<section class=\"light-bg pb-default wp-block-acf-numbers-list\">\n    <div class=\"container\">\n        <div class=\"wp-block-acf-numbers-list__row  no-bottom-separator\">\n\n            <div class=\"wp-block-acf-numbers-list__col wp-block-acf-numbers-list__col--img\">\n                                    <div class=\"wp-block-acf-numbers-list__image\">\n                        <img decoding=\"async\" width=\"1550\" height=\"1024\" src=\"https:\/\/www.sirsa.ch\/wp-content\/uploads\/2025\/05\/sirsa-renforcer-votre-dispositif-avec-des-agents-formes-1.png\" class=\"attachment-full size-full\" alt=\"\" \/>                    <\/div>\n                            <\/div>\n            <div class=\"wp-block-acf-numbers-list__col wp-block-acf-numbers-list__col--numbers\">\n                                    \n    <span class=\"wp-block-acf-numbers-list__label\">SIR<\/span>\n    <h2 class=\"wp-block-acf-numbers-list__title\">Verschaffen Sie sich einen Vorsprung mit einem vertrauensw\u00fcrdigen Partner.<\/h2>\n    <div class=\"wp-block-acf-numbers-list__description\"><p>Seit 1978 sch\u00fctzt SIR die L\u00e9man-Region. Unsere Expertise beginnt mit der Analyse Ihrer Situation und der Identifikation kritischer Punkte, um eine Sicherheitsstrategie vorzuschlagen, die auf Ihre Bed\u00fcrfnisse und Ihr Zuhause abgestimmt ist. <\/p>\n<\/div>\n                                                    <div class=\"wp-block-acf-numbers-list__items even\">\n                                                    <div class=\"wp-block-acf-numbers-list__item\">\n                                                                    <div class=\"wp-block-acf-numbers-list__item-label\">Geschulte Mitarbeitende.<\/div>\n                                                                <div class=\"wp-block-acf-numbers-list__item-bottom\">\n                                                                            <div class=\"wp-block-acf-numbers-list__item-number\">500+<\/div>\n                                                                                                        <\/div>\n                            <\/div>\n                                                    <div class=\"wp-block-acf-numbers-list__item\">\n                                                                    <div class=\"wp-block-acf-numbers-list__item-label\">Kunden, die uns vertrauen.<\/div>\n                                                                <div class=\"wp-block-acf-numbers-list__item-bottom\">\n                                                                            <div class=\"wp-block-acf-numbers-list__item-number\">5&#039;000+<\/div>\n                                                                                                        <\/div>\n                            <\/div>\n                                                    <div class=\"wp-block-acf-numbers-list__item\">\n                                                                    <div class=\"wp-block-acf-numbers-list__item-label\">Zertifizierte Alarmzentrale.<\/div>\n                                                                <div class=\"wp-block-acf-numbers-list__item-bottom\">\n                                                                            <div class=\"wp-block-acf-numbers-list__item-number\">EN 50518<\/div>\n                                                                                                        <\/div>\n                            <\/div>\n                                                    <div class=\"wp-block-acf-numbers-list__item\">\n                                                                    <div class=\"wp-block-acf-numbers-list__item-label\">Kontrollrundg\u00e4nge pro Jahr.<\/div>\n                                                                <div class=\"wp-block-acf-numbers-list__item-bottom\">\n                                                                            <div class=\"wp-block-acf-numbers-list__item-number\">122\u2019900+<\/div>\n                                                                                                        <\/div>\n                            <\/div>\n                                            <\/div>\n                                                    \n    <div class=\"wp-block-acf-numbers-list__button\">\n        <button class=\"js--open-form-popup\">\n            <span class=\"c-button__text-wrapper\">\n                <span class=\"c-button__text c-button__text-top\">Ein Pr\u00e4ventionsgespr\u00e4ch planen.<\/span>\n                <span class=\"c-button__text c-button__text-bottom\">Ein Pr\u00e4ventionsgespr\u00e4ch planen.<\/span>\n            <\/span>\n            <span class=\"c-button__icons\">\n                <span class=\"c-button__icon-box\">\n                <\/span>\n                <span class=\"c-button__bullet-box\">\n                    <span class=\"c-button__bullet\"><\/span>\n                <\/span>\n            <\/span>\n        <\/button>\n    <\/div>\n                            <\/div>\n        <\/div>\n    <\/div>\n<\/section>\n\n<section class=\"light-gray-bg wp-block-acf-bottom-cta\">\n    <div class=\"container\">\n        <div class=\"wp-block-acf-bottom-cta__box\">\n                            <h2 class=\"wp-block-acf-bottom-cta__title\">Bevor Sie diesen Sommer verreisen, reduzieren Sie die verf\u00fcgbaren Hinweise.<\/h2>\n                                        <div class=\"wp-block-acf-bottom-cta__description\"><p>Vor den Sommerferien unterst\u00fctzt SIR SA Sie dabei, die Signale zu identifizieren, die Ihre Residenz exponieren k\u00f6nnen: sichtbare Informationen, sekund\u00e4re Zug\u00e4nge, Lebensgewohnheiten, personenbezogene Daten oder Reaktionssysteme im Alarmfall.<\/p>\n<\/div>\n                                        <button class=\"wp-block-acf-bottom-cta__button js--open-form-popup\">\n                    <span class=\"c-button__text-wrapper\">\n                        <span class=\"c-button__text c-button__text-top\">Mit SIR vorausdenken<\/span>\n                        <span class=\"c-button__text c-button__text-bottom\">Mit SIR vorausdenken<\/span>\n                    <\/span>\n                    <span class=\"c-button__icons\">\n                        <span class=\"c-button__icon-box\">\n                        <\/span>\n                        <span class=\"c-button__bullet-box\">\n                            <span class=\"c-button__bullet\"><\/span>\n                        <\/span>\n                    <\/span>\n                <\/button>\n                    <\/div>\n    <\/div>\n<\/section>","protected":false},"excerpt":{"rendered":"","protected":false},"author":12,"featured_media":3994,"comment_status":"closed","ping_status":"closed","sticky":false,"template":"","format":"standard","meta":{"_acf_changed":false,"footnotes":""},"categories":[55],"tags":[],"class_list":["post-4257","post","type-post","status-publish","format-standard","has-post-thumbnail","hentry","category-nachrichten"],"acf":[],"yoast_head":"<title>Die Sicherheit Ihres Zuhauses beginnt heute online. - SIR - Service d\u2019Intervention Rapide SA<\/title>\n<meta name=\"robots\" content=\"index, follow, max-snippet:-1, max-image-preview:large, max-video-preview:-1\" \/>\n<link rel=\"canonical\" href=\"https:\/\/www.sirsa.ch\/de\/blog\/die-sicherheit-ihres-zuhauses-beginnt-heute-online\/\" \/>\n<meta property=\"og:locale\" content=\"de_DE\" \/>\n<meta property=\"og:type\" content=\"article\" \/>\n<meta property=\"og:title\" content=\"Die Sicherheit Ihres Zuhauses beginnt heute online.\" \/>\n<meta property=\"og:url\" content=\"https:\/\/www.sirsa.ch\/de\/blog\/die-sicherheit-ihres-zuhauses-beginnt-heute-online\/\" \/>\n<meta property=\"og:site_name\" content=\"SIR - Service d\u2019Intervention Rapide SA\" \/>\n<meta property=\"article:published_time\" content=\"2026-06-23T09:01:13+00:00\" \/>\n<meta property=\"article:modified_time\" content=\"2026-06-24T09:06:22+00:00\" \/>\n<meta property=\"og:image\" content=\"https:\/\/www.sirsa.ch\/wp-content\/uploads\/2026\/06\/La-securite-de-votre-domicile-commence-desormais-en-ligne-scaled.jpg\" \/>\n\t<meta property=\"og:image:width\" content=\"2560\" \/>\n\t<meta property=\"og:image:height\" content=\"1440\" \/>\n\t<meta property=\"og:image:type\" content=\"image\/jpeg\" \/>\n<meta name=\"author\" content=\"SIR News\" \/>\n<meta name=\"twitter:card\" content=\"summary_large_image\" \/>\n<meta name=\"twitter:label1\" content=\"Verfasst von\" \/>\n\t<meta name=\"twitter:data1\" content=\"SIR News\" \/>\n<script type=\"application\/ld+json\" class=\"yoast-schema-graph\">{\"@context\":\"https:\\\/\\\/schema.org\",\"@graph\":[{\"@type\":\"Article\",\"@id\":\"https:\\\/\\\/www.sirsa.ch\\\/de\\\/blog\\\/die-sicherheit-ihres-zuhauses-beginnt-heute-online\\\/#article\",\"isPartOf\":{\"@id\":\"https:\\\/\\\/www.sirsa.ch\\\/de\\\/blog\\\/die-sicherheit-ihres-zuhauses-beginnt-heute-online\\\/\"},\"author\":{\"name\":\"SIR News\",\"@id\":\"https:\\\/\\\/www.sirsa.ch\\\/de\\\/#\\\/schema\\\/person\\\/3abf136f39dfd930ba7da19c81a95458\"},\"headline\":\"Die Sicherheit Ihres Zuhauses beginnt heute online.\",\"datePublished\":\"2026-06-23T09:01:13+00:00\",\"dateModified\":\"2026-06-24T09:06:22+00:00\",\"mainEntityOfPage\":{\"@id\":\"https:\\\/\\\/www.sirsa.ch\\\/de\\\/blog\\\/die-sicherheit-ihres-zuhauses-beginnt-heute-online\\\/\"},\"wordCount\":7,\"publisher\":{\"@id\":\"https:\\\/\\\/www.sirsa.ch\\\/de\\\/#organization\"},\"image\":{\"@id\":\"https:\\\/\\\/www.sirsa.ch\\\/de\\\/blog\\\/die-sicherheit-ihres-zuhauses-beginnt-heute-online\\\/#primaryimage\"},\"thumbnailUrl\":\"https:\\\/\\\/www.sirsa.ch\\\/wp-content\\\/uploads\\\/2026\\\/06\\\/La-securite-de-votre-domicile-commence-desormais-en-ligne-scaled.jpg\",\"articleSection\":[\"Nachrichten\"],\"inLanguage\":\"de\"},{\"@type\":\"WebPage\",\"@id\":\"https:\\\/\\\/www.sirsa.ch\\\/de\\\/blog\\\/die-sicherheit-ihres-zuhauses-beginnt-heute-online\\\/\",\"url\":\"https:\\\/\\\/www.sirsa.ch\\\/de\\\/blog\\\/die-sicherheit-ihres-zuhauses-beginnt-heute-online\\\/\",\"name\":\"Die Sicherheit Ihres Zuhauses beginnt heute online. - SIR - Service d\u2019Intervention Rapide SA\",\"isPartOf\":{\"@id\":\"https:\\\/\\\/www.sirsa.ch\\\/de\\\/#website\"},\"primaryImageOfPage\":{\"@id\":\"https:\\\/\\\/www.sirsa.ch\\\/de\\\/blog\\\/die-sicherheit-ihres-zuhauses-beginnt-heute-online\\\/#primaryimage\"},\"image\":{\"@id\":\"https:\\\/\\\/www.sirsa.ch\\\/de\\\/blog\\\/die-sicherheit-ihres-zuhauses-beginnt-heute-online\\\/#primaryimage\"},\"thumbnailUrl\":\"https:\\\/\\\/www.sirsa.ch\\\/wp-content\\\/uploads\\\/2026\\\/06\\\/La-securite-de-votre-domicile-commence-desormais-en-ligne-scaled.jpg\",\"datePublished\":\"2026-06-23T09:01:13+00:00\",\"dateModified\":\"2026-06-24T09:06:22+00:00\",\"breadcrumb\":{\"@id\":\"https:\\\/\\\/www.sirsa.ch\\\/de\\\/blog\\\/die-sicherheit-ihres-zuhauses-beginnt-heute-online\\\/#breadcrumb\"},\"inLanguage\":\"de\",\"potentialAction\":[{\"@type\":\"ReadAction\",\"target\":[\"https:\\\/\\\/www.sirsa.ch\\\/de\\\/blog\\\/die-sicherheit-ihres-zuhauses-beginnt-heute-online\\\/\"]}]},{\"@type\":\"ImageObject\",\"inLanguage\":\"de\",\"@id\":\"https:\\\/\\\/www.sirsa.ch\\\/de\\\/blog\\\/die-sicherheit-ihres-zuhauses-beginnt-heute-online\\\/#primaryimage\",\"url\":\"https:\\\/\\\/www.sirsa.ch\\\/wp-content\\\/uploads\\\/2026\\\/06\\\/La-securite-de-votre-domicile-commence-desormais-en-ligne-scaled.jpg\",\"contentUrl\":\"https:\\\/\\\/www.sirsa.ch\\\/wp-content\\\/uploads\\\/2026\\\/06\\\/La-securite-de-votre-domicile-commence-desormais-en-ligne-scaled.jpg\",\"width\":2560,\"height\":1440},{\"@type\":\"BreadcrumbList\",\"@id\":\"https:\\\/\\\/www.sirsa.ch\\\/de\\\/blog\\\/die-sicherheit-ihres-zuhauses-beginnt-heute-online\\\/#breadcrumb\",\"itemListElement\":[{\"@type\":\"ListItem\",\"position\":1,\"name\":\"Home\",\"item\":\"https:\\\/\\\/www.sirsa.ch\\\/de\\\/\"},{\"@type\":\"ListItem\",\"position\":2,\"name\":\"Die Sicherheit Ihres Zuhauses beginnt heute online.\"}]},{\"@type\":\"WebSite\",\"@id\":\"https:\\\/\\\/www.sirsa.ch\\\/de\\\/#website\",\"url\":\"https:\\\/\\\/www.sirsa.ch\\\/de\\\/\",\"name\":\"Service d\u2019Intervention Rapide SA\",\"description\":\"Plus de 45 ans d&#039;exp\u00e9rience dans la s\u00e9curit\u00e9 priv\u00e9e au service des particuliers et des entreprises\",\"publisher\":{\"@id\":\"https:\\\/\\\/www.sirsa.ch\\\/de\\\/#organization\"},\"alternateName\":\"SIR SA - Service d\u2019Intervention Rapide SA\",\"potentialAction\":[{\"@type\":\"SearchAction\",\"target\":{\"@type\":\"EntryPoint\",\"urlTemplate\":\"https:\\\/\\\/www.sirsa.ch\\\/de\\\/?s={search_term_string}\"},\"query-input\":{\"@type\":\"PropertyValueSpecification\",\"valueRequired\":true,\"valueName\":\"search_term_string\"}}],\"inLanguage\":\"de\"},{\"@type\":\"Organization\",\"@id\":\"https:\\\/\\\/www.sirsa.ch\\\/de\\\/#organization\",\"name\":\"Service d'Intervention Rapide SA\",\"alternateName\":\"Service d'Intervention Rapide SA\",\"url\":\"https:\\\/\\\/www.sirsa.ch\\\/de\\\/\",\"logo\":{\"@type\":\"ImageObject\",\"inLanguage\":\"de\",\"@id\":\"https:\\\/\\\/www.sirsa.ch\\\/de\\\/#\\\/schema\\\/logo\\\/image\\\/\",\"url\":\"https:\\\/\\\/www.sirsa.ch\\\/wp-content\\\/uploads\\\/2025\\\/04\\\/cropped-sir-logo-1.png\",\"contentUrl\":\"https:\\\/\\\/www.sirsa.ch\\\/wp-content\\\/uploads\\\/2025\\\/04\\\/cropped-sir-logo-1.png\",\"width\":160,\"height\":160,\"caption\":\"Service d'Intervention Rapide SA\"},\"image\":{\"@id\":\"https:\\\/\\\/www.sirsa.ch\\\/de\\\/#\\\/schema\\\/logo\\\/image\\\/\"},\"sameAs\":[\"https:\\\/\\\/www.linkedin.com\\\/company\\\/serviceinterventionrapidesa\",\"https:\\\/\\\/www.youtube.com\\\/@sirdg5117\"],\"description\":\"Depuis 1978, le SIR fa\u00e7onne les standards de la s\u00e9curit\u00e9 en Suisse. Une expertise construite aux c\u00f4t\u00e9s de ceux que nous prot\u00e9geons.\",\"email\":\"secretariat@sirsa.ch\",\"telephone\":\"+41223644644\",\"legalName\":\"Service d'Int\u00e9rvention Rapide SA\",\"foundingDate\":\"1978-01-19\",\"numberOfEmployees\":{\"@type\":\"QuantitativeValue\",\"minValue\":\"201\",\"maxValue\":\"500\"}},{\"@type\":\"Person\",\"@id\":\"https:\\\/\\\/www.sirsa.ch\\\/de\\\/#\\\/schema\\\/person\\\/3abf136f39dfd930ba7da19c81a95458\",\"name\":\"SIR News\",\"image\":{\"@type\":\"ImageObject\",\"inLanguage\":\"de\",\"@id\":\"https:\\\/\\\/secure.gravatar.com\\\/avatar\\\/7d6c533cab8218a1387eb7dcc195aa64ef058acea8210d3997a18e9737564c6e?s=96&d=mm&r=g\",\"url\":\"https:\\\/\\\/secure.gravatar.com\\\/avatar\\\/7d6c533cab8218a1387eb7dcc195aa64ef058acea8210d3997a18e9737564c6e?s=96&d=mm&r=g\",\"contentUrl\":\"https:\\\/\\\/secure.gravatar.com\\\/avatar\\\/7d6c533cab8218a1387eb7dcc195aa64ef058acea8210d3997a18e9737564c6e?s=96&d=mm&r=g\",\"caption\":\"SIR News\"},\"url\":\"https:\\\/\\\/www.sirsa.ch\\\/de\\\/blog\\\/author\\\/sirnewssirsa-ch\\\/\"}]}<\/script>","yoast_head_json":{"title":"Die Sicherheit Ihres Zuhauses beginnt heute online. - SIR - Service d\u2019Intervention Rapide SA","robots":{"index":"index","follow":"follow","max-snippet":"max-snippet:-1","max-image-preview":"max-image-preview:large","max-video-preview":"max-video-preview:-1"},"canonical":"https:\/\/www.sirsa.ch\/de\/blog\/die-sicherheit-ihres-zuhauses-beginnt-heute-online\/","og_locale":"de_DE","og_type":"article","og_title":"Die Sicherheit Ihres Zuhauses beginnt heute online.","og_url":"https:\/\/www.sirsa.ch\/de\/blog\/die-sicherheit-ihres-zuhauses-beginnt-heute-online\/","og_site_name":"SIR - Service d\u2019Intervention Rapide SA","article_published_time":"2026-06-23T09:01:13+00:00","article_modified_time":"2026-06-24T09:06:22+00:00","og_image":[{"width":2560,"height":1440,"url":"https:\/\/www.sirsa.ch\/wp-content\/uploads\/2026\/06\/La-securite-de-votre-domicile-commence-desormais-en-ligne-scaled.jpg","type":"image\/jpeg"}],"author":"SIR News","twitter_card":"summary_large_image","twitter_misc":{"Verfasst von":"SIR News"},"schema":{"@context":"https:\/\/schema.org","@graph":[{"@type":"Article","@id":"https:\/\/www.sirsa.ch\/de\/blog\/die-sicherheit-ihres-zuhauses-beginnt-heute-online\/#article","isPartOf":{"@id":"https:\/\/www.sirsa.ch\/de\/blog\/die-sicherheit-ihres-zuhauses-beginnt-heute-online\/"},"author":{"name":"SIR News","@id":"https:\/\/www.sirsa.ch\/de\/#\/schema\/person\/3abf136f39dfd930ba7da19c81a95458"},"headline":"Die Sicherheit Ihres Zuhauses beginnt heute online.","datePublished":"2026-06-23T09:01:13+00:00","dateModified":"2026-06-24T09:06:22+00:00","mainEntityOfPage":{"@id":"https:\/\/www.sirsa.ch\/de\/blog\/die-sicherheit-ihres-zuhauses-beginnt-heute-online\/"},"wordCount":7,"publisher":{"@id":"https:\/\/www.sirsa.ch\/de\/#organization"},"image":{"@id":"https:\/\/www.sirsa.ch\/de\/blog\/die-sicherheit-ihres-zuhauses-beginnt-heute-online\/#primaryimage"},"thumbnailUrl":"https:\/\/www.sirsa.ch\/wp-content\/uploads\/2026\/06\/La-securite-de-votre-domicile-commence-desormais-en-ligne-scaled.jpg","articleSection":["Nachrichten"],"inLanguage":"de"},{"@type":"WebPage","@id":"https:\/\/www.sirsa.ch\/de\/blog\/die-sicherheit-ihres-zuhauses-beginnt-heute-online\/","url":"https:\/\/www.sirsa.ch\/de\/blog\/die-sicherheit-ihres-zuhauses-beginnt-heute-online\/","name":"Die Sicherheit Ihres Zuhauses beginnt heute online. - SIR - Service d\u2019Intervention Rapide SA","isPartOf":{"@id":"https:\/\/www.sirsa.ch\/de\/#website"},"primaryImageOfPage":{"@id":"https:\/\/www.sirsa.ch\/de\/blog\/die-sicherheit-ihres-zuhauses-beginnt-heute-online\/#primaryimage"},"image":{"@id":"https:\/\/www.sirsa.ch\/de\/blog\/die-sicherheit-ihres-zuhauses-beginnt-heute-online\/#primaryimage"},"thumbnailUrl":"https:\/\/www.sirsa.ch\/wp-content\/uploads\/2026\/06\/La-securite-de-votre-domicile-commence-desormais-en-ligne-scaled.jpg","datePublished":"2026-06-23T09:01:13+00:00","dateModified":"2026-06-24T09:06:22+00:00","breadcrumb":{"@id":"https:\/\/www.sirsa.ch\/de\/blog\/die-sicherheit-ihres-zuhauses-beginnt-heute-online\/#breadcrumb"},"inLanguage":"de","potentialAction":[{"@type":"ReadAction","target":["https:\/\/www.sirsa.ch\/de\/blog\/die-sicherheit-ihres-zuhauses-beginnt-heute-online\/"]}]},{"@type":"ImageObject","inLanguage":"de","@id":"https:\/\/www.sirsa.ch\/de\/blog\/die-sicherheit-ihres-zuhauses-beginnt-heute-online\/#primaryimage","url":"https:\/\/www.sirsa.ch\/wp-content\/uploads\/2026\/06\/La-securite-de-votre-domicile-commence-desormais-en-ligne-scaled.jpg","contentUrl":"https:\/\/www.sirsa.ch\/wp-content\/uploads\/2026\/06\/La-securite-de-votre-domicile-commence-desormais-en-ligne-scaled.jpg","width":2560,"height":1440},{"@type":"BreadcrumbList","@id":"https:\/\/www.sirsa.ch\/de\/blog\/die-sicherheit-ihres-zuhauses-beginnt-heute-online\/#breadcrumb","itemListElement":[{"@type":"ListItem","position":1,"name":"Home","item":"https:\/\/www.sirsa.ch\/de\/"},{"@type":"ListItem","position":2,"name":"Die Sicherheit Ihres Zuhauses beginnt heute online."}]},{"@type":"WebSite","@id":"https:\/\/www.sirsa.ch\/de\/#website","url":"https:\/\/www.sirsa.ch\/de\/","name":"Service d\u2019Intervention Rapide SA","description":"Plus de 45 ans d&#039;exp\u00e9rience dans la s\u00e9curit\u00e9 priv\u00e9e au service des particuliers et des entreprises","publisher":{"@id":"https:\/\/www.sirsa.ch\/de\/#organization"},"alternateName":"SIR SA - Service d\u2019Intervention Rapide SA","potentialAction":[{"@type":"SearchAction","target":{"@type":"EntryPoint","urlTemplate":"https:\/\/www.sirsa.ch\/de\/?s={search_term_string}"},"query-input":{"@type":"PropertyValueSpecification","valueRequired":true,"valueName":"search_term_string"}}],"inLanguage":"de"},{"@type":"Organization","@id":"https:\/\/www.sirsa.ch\/de\/#organization","name":"Service d'Intervention Rapide SA","alternateName":"Service d'Intervention Rapide SA","url":"https:\/\/www.sirsa.ch\/de\/","logo":{"@type":"ImageObject","inLanguage":"de","@id":"https:\/\/www.sirsa.ch\/de\/#\/schema\/logo\/image\/","url":"https:\/\/www.sirsa.ch\/wp-content\/uploads\/2025\/04\/cropped-sir-logo-1.png","contentUrl":"https:\/\/www.sirsa.ch\/wp-content\/uploads\/2025\/04\/cropped-sir-logo-1.png","width":160,"height":160,"caption":"Service d'Intervention Rapide SA"},"image":{"@id":"https:\/\/www.sirsa.ch\/de\/#\/schema\/logo\/image\/"},"sameAs":["https:\/\/www.linkedin.com\/company\/serviceinterventionrapidesa","https:\/\/www.youtube.com\/@sirdg5117"],"description":"Depuis 1978, le SIR fa\u00e7onne les standards de la s\u00e9curit\u00e9 en Suisse. Une expertise construite aux c\u00f4t\u00e9s de ceux que nous prot\u00e9geons.","email":"secretariat@sirsa.ch","telephone":"+41223644644","legalName":"Service d'Int\u00e9rvention Rapide SA","foundingDate":"1978-01-19","numberOfEmployees":{"@type":"QuantitativeValue","minValue":"201","maxValue":"500"}},{"@type":"Person","@id":"https:\/\/www.sirsa.ch\/de\/#\/schema\/person\/3abf136f39dfd930ba7da19c81a95458","name":"SIR News","image":{"@type":"ImageObject","inLanguage":"de","@id":"https:\/\/secure.gravatar.com\/avatar\/7d6c533cab8218a1387eb7dcc195aa64ef058acea8210d3997a18e9737564c6e?s=96&d=mm&r=g","url":"https:\/\/secure.gravatar.com\/avatar\/7d6c533cab8218a1387eb7dcc195aa64ef058acea8210d3997a18e9737564c6e?s=96&d=mm&r=g","contentUrl":"https:\/\/secure.gravatar.com\/avatar\/7d6c533cab8218a1387eb7dcc195aa64ef058acea8210d3997a18e9737564c6e?s=96&d=mm&r=g","caption":"SIR News"},"url":"https:\/\/www.sirsa.ch\/de\/blog\/author\/sirnewssirsa-ch\/"}]}},"_links":{"self":[{"href":"https:\/\/www.sirsa.ch\/de\/wp-json\/wp\/v2\/posts\/4257","targetHints":{"allow":["GET"]}}],"collection":[{"href":"https:\/\/www.sirsa.ch\/de\/wp-json\/wp\/v2\/posts"}],"about":[{"href":"https:\/\/www.sirsa.ch\/de\/wp-json\/wp\/v2\/types\/post"}],"author":[{"embeddable":true,"href":"https:\/\/www.sirsa.ch\/de\/wp-json\/wp\/v2\/users\/12"}],"replies":[{"embeddable":true,"href":"https:\/\/www.sirsa.ch\/de\/wp-json\/wp\/v2\/comments?post=4257"}],"version-history":[{"count":3,"href":"https:\/\/www.sirsa.ch\/de\/wp-json\/wp\/v2\/posts\/4257\/revisions"}],"predecessor-version":[{"id":4260,"href":"https:\/\/www.sirsa.ch\/de\/wp-json\/wp\/v2\/posts\/4257\/revisions\/4260"}],"wp:featuredmedia":[{"embeddable":true,"href":"https:\/\/www.sirsa.ch\/de\/wp-json\/wp\/v2\/media\/3994"}],"wp:attachment":[{"href":"https:\/\/www.sirsa.ch\/de\/wp-json\/wp\/v2\/media?parent=4257"}],"wp:term":[{"taxonomy":"category","embeddable":true,"href":"https:\/\/www.sirsa.ch\/de\/wp-json\/wp\/v2\/categories?post=4257"},{"taxonomy":"post_tag","embeddable":true,"href":"https:\/\/www.sirsa.ch\/de\/wp-json\/wp\/v2\/tags?post=4257"}],"curies":[{"name":"wp","href":"https:\/\/api.w.org\/{rel}","templated":true}]}}