{"id":3057,"date":"2020-03-12T08:31:00","date_gmt":"2020-03-12T08:31:00","guid":{"rendered":"https:\/\/www.sirsa.ch\/blog\/polizeiliche-kriminalitaetsstatistik-2020-in-der-schweiz\/"},"modified":"2025-06-30T06:35:18","modified_gmt":"2025-06-30T06:35:18","slug":"polizeiliche-kriminalitaetsstatistik-2020-in-der-schweiz","status":"publish","type":"post","link":"https:\/\/www.sirsa.ch\/de\/blog\/polizeiliche-kriminalitaetsstatistik-2020-in-der-schweiz\/","title":{"rendered":"Polizeiliche Kriminal&shy;it\u00e4tsstatistik 2020 in der Schweiz"},"content":{"rendered":"\n\n<section class=\"wp-block-acf-post-text\">\n    <div class=\"container\">\n        <div class=\"wp-block-acf-post-text__grid \">\n            <div class=\"wp-block-acf-post-text__col\">\n                                    <div class=\"wp-block-acf-post-text__side-content\">\n                            <div class=\"c-post-info\">\n        <div class=\"c-post-info__label\">\n            Article        <\/div>\n                    <div class=\"c-post-info__author\">\n                Auteur:\n                Redaktion Sicherheit            <\/div>\n                            <div class=\"c-post-info__date\">\n                Date:\n                12 M\u00e4rz 2020            <\/div>\n                            <div class=\"c-post-info__category\">\n                Nachrichten            <\/div>\n                            <div class=\"c-post-info__time-reading\">\n                <div class=\"c-post-info__time-reading-icon\">\n                    <svg class=\"c-icon c-icon-stopwatch \" role=\"img\"><use xlink:href=\"https:\/\/www.sirsa.ch\/wp-content\/themes\/sir\/build\/img\/sprites.svg?v=1751620970#stopwatch\"><\/use><\/svg>                <\/div>\n                5 Minuten            <\/div>\n            <\/div>\n                    <\/div>\n                            <\/div>\n            <div class=\"wp-block-acf-post-text__col\">\n                                    <div class=\"wp-block-acf-post-text__content c-wysiwyg has-post-info\">\n                        <p>Jedes Jahr ver\u00f6ffentlicht das BFS einen nationalen Bericht \u00fcber die <strong>Bilanz der Kriminalit\u00e4t in der Schweiz<\/strong>. Insgesamt sind die Straftaten zur\u00fcckgegangen. Dieser R\u00fcckgang steht im Zusammenhang mit dem Einschluss, den die Schweiz im letzten Jahr erlebt hat. Die Zahl der Einbr\u00fcche und Taschendiebst\u00e4hle ging um 9% zur\u00fcck. H\u00e4ufigere Grenzkontrollen und eine st\u00e4rkere Pr\u00e4senz der Menschen in den eigenen vier W\u00e4nden haben diesen R\u00fcckgang stark beeinflusst. Im Jahr 2020 gab es jedoch durchschnittlich<strong> 90 Einbr\u00fcche pro Tag<\/strong>!     <\/p>\n<p>Neu in diesem Jahr ist, dass das BFS in seinen Bericht auch Straftaten aufgenommen hat, die im Internet begangen werden. Es gibt mehr als 24.000 <strong>digitale Straftaten<\/strong>, die in verschiedene Kategorien unterteilt werden k\u00f6nnen: Cyber-Wirtschaftskriminalit\u00e4t (84,2%), Cyber-Sexualdelikte (10,7%) oder Cyber-Rufsch\u00e4digung und unlautere Praktiken (5,1%). <\/p>\n<p>Ein weiterer besorgniserregender Anstieg ist die<strong> h\u00e4usliche Gewalt.<\/strong> Die Zahlen variieren von Kanton zu Kanton, aber im Allgemeinen war der Trend im Jahr 2020 steigend.<\/p>\n                    <\/div>\n                                \n                <\/div>\n        <\/div>\n    <\/div>\n<\/section>\n\n\n\n<section class=\"wp-block-acf-post-text\">\n    <div class=\"container\">\n        <div class=\"wp-block-acf-post-text__grid \">\n            <div class=\"wp-block-acf-post-text__col\">\n                            <\/div>\n            <div class=\"wp-block-acf-post-text__col\">\n                                    <div class=\"wp-block-acf-post-text__content c-wysiwyg \">\n                        <p><strong>GENF <\/strong><br \/>\nDer Kanton verzeichnete einen Anstieg der Beschwerden \u00fcber L\u00e4rmbel\u00e4stigung, einen Anstieg der zunehmend gewaltt\u00e4tigen Auseinandersetzungen unter Jugendlichen und einen Anstieg der h\u00e4uslichen Gewalt um 16%.<\/p>\n                    <\/div>\n                                \n                <\/div>\n        <\/div>\n    <\/div>\n<\/section>\n\n\n\n<section class=\"light-gray-bg wp-block-acf-text-banner\">\n    <div class=\"container\">\n                                    <h1 class=\"wp-block-acf-text-banner__title wp-block-acf-text-banner__title--js inherit\">Statistik 2020: Verst\u00e4ndnis der Entwicklung der Kriminalit\u00e4t in der Schweiz<\/h1>\n                            <div class=\"wp-block-acf-text-banner__main-description\"><p>Datenanalyse 2020: Fokus auf Genf, Waadt und Bern.<\/p>\n<\/div>\n                                <!--  -->\n                                        <\/div>\n<\/section>\n\n\n\n<section class=\"wp-block-acf-post-text\">\n    <div class=\"container\">\n        <div class=\"wp-block-acf-post-text__grid \">\n            <div class=\"wp-block-acf-post-text__col\">\n                            <\/div>\n            <div class=\"wp-block-acf-post-text__col\">\n                                    <div class=\"wp-block-acf-post-text__content c-wysiwyg \">\n                        <p><strong>VAUD <\/strong><br \/>\nDer Kanton Waadt verzeichnete einen allgemeinen R\u00fcckgang der Straftaten: Einbruch und Gewalt (mit Ausnahme von Lausanne). Im Jahr 2020 wurden keine \u00dcberf\u00e4lle auf Langstreckentransporter verzeichnet. Die Statistiken des Kantons Waadt spiegeln jedoch den nationalen Trend mit einem Anstieg der digitalen Betr\u00fcgereien wider.  <\/p>\n<p><strong>BERN <\/strong><br \/>\nDer Kanton Bern verzeichnete im Jahr 2020 einen starken Anstieg der F\u00e4lle von h\u00e4uslicher Gewalt um mehr als 20%. Es handelt sich vor allem um F\u00e4lle, die Paare oder ehemalige Paarbeziehungen betreffen. Bern verzeichnete auch einen starken Anstieg der F\u00e4lle von Straftaten gegen die Autorit\u00e4t (Demonstrationen, Behinderung einer Amtshandlung usw.), ein Anstieg, der in direktem Zusammenhang mit den Ma\u00dfnahmen des Bundes zur Bek\u00e4mpfung des Coronavirus steht.  <\/p>\n<p>F\u00fcr weitere Einzelheiten \u00fcber die Kriminalit\u00e4tsbilanz 2020 k\u00f6nnen Sie den vollst\u00e4ndigen Bericht hier abrufen: <a href=\"https:\/\/www.sirsa.ch\/wp-content\/uploads\/2021\/04\/rapport-SPC-2020.pdf\" target=\"_blank\">SPC 2020 Bericht<\/a>.<\/p>\n                    <\/div>\n                                \n                <\/div>\n        <\/div>\n    <\/div>\n<\/section>\n\n\n\n<section class=\"wp-block-acf-pdf-cta\">\n    <div class=\"container\">\n        <div class=\"wp-block-acf-pdf-cta__box\">\n            <div class=\"wp-block-acf-pdf-cta__row\">\n                <div class=\"wp-block-acf-pdf-cta__col wp-block-acf-pdf-cta__col--img\">\n                                            <div class=\"wp-block-acf-pdf-cta__image\">\n                            <img decoding=\"async\" width=\"820\" height=\"1160\" src=\"https:\/\/www.sirsa.ch\/wp-content\/uploads\/2025\/05\/SIR-Magazine-1.jpg\" class=\"attachment-full size-full\" alt=\"\" srcset=\"https:\/\/www.sirsa.ch\/wp-content\/uploads\/2025\/05\/SIR-Magazine-1.jpg 820w, https:\/\/www.sirsa.ch\/wp-content\/uploads\/2025\/05\/SIR-Magazine-1-212x300.jpg 212w, https:\/\/www.sirsa.ch\/wp-content\/uploads\/2025\/05\/SIR-Magazine-1-724x1024.jpg 724w, https:\/\/www.sirsa.ch\/wp-content\/uploads\/2025\/05\/SIR-Magazine-1-768x1086.jpg 768w\" sizes=\"(max-width: 820px) 100vw, 820px\" \/>                        <\/div>\n                                    <\/div>\n                <div class=\"wp-block-acf-pdf-cta__col wp-block-acf-pdf-cta__col--content\">\n                    <div class=\"wp-block-acf-pdf-cta__content\">\n                                                    <span class=\"wp-block-acf-pdf-cta__label\">Zu entdecken<\/span>\n                                \n                                                    <h2 class=\"wp-block-acf-pdf-cta__title\">Sehen Sie sich unser Dokument an oder laden Sie es herunter<\/h2>\n                                \n                                                    <div class=\"wp-block-acf-pdf-cta__description c-wysiwyg\">\n                                <p>Ausbilden, in die Zukunft investieren<br \/>\nDie Weiterbildung unserer Mitarbeiter ist Teil unserer Vision, da sie ein strategischer Hebel ist, um die Qualit\u00e4t unserer Dienstleistungen zu gew\u00e4hrleisten. Die theoretische und praktische Ausbildung unserer Mitarbeiter erm\u00f6glicht es uns, ein perfektes Know-how weiterzugeben, das sowohl professionelle Gesten als auch operative Disziplin umfasst. <\/p>\n                            <\/div>\n                                            <\/div>\n\n                    <div class=\"wp-block-acf-pdf-cta__buttons\">\n                            \n                                                    <a href=\"https:\/\/www.sirsa.ch\/wp-content\/uploads\/2020\/03\/rapport-SPC-2020.pdf\" class=\"wp-block-acf-pdf-cta__button\" download>\n                                <span class=\"c-button__text-wrapper\">\n                                    <span class=\"c-button__text c-button__text-top\">PDF herunterladen<\/span>\n                                    <span class=\"c-button__text c-button__text-bottom\">PDF herunterladen<\/span>\n                                <\/span>\n                                <span class=\"c-button__icons\">\n                                    <span class=\"c-button__icon-box\">\n                                    <\/span>\n                                    <span class=\"c-button__bullet-box\">\n                                        <span class=\"c-button__bullet\"><\/span>\n                                    <\/span>\n                                <\/span>\n                            <\/a>\n                                            <\/div>\n                <\/div>\n            <\/div>\n        <\/div>\n    <\/div>\n<\/section>\n\n\n\n<section class=\"light-bg pb-none wp-block-acf-text-banner\">\n    <div class=\"container\">\n                            <span class=\"wp-block-acf-text-banner__label\">Sehen Sie auch<\/span>\n                            <h1 class=\"wp-block-acf-text-banner__title wp-block-acf-text-banner__title--js inherit\">Artikel, die Sie interessieren k\u00f6nnten<\/h1>\n                                        <!--  -->\n                                        <\/div>\n<\/section>\n\n\n\n<section class=\"wp-block-acf-related-posts\">\n    <div class=\"container\">\n        <div class=\"wp-block-acf-related-posts__intro\">\n                                <\/div>\n                    <div class=\"wp-block-acf-related-posts__cards\">\n                                                                                                                                                                        <div class=\"wp-block-acf-related-posts__cards-item\">\n                                <div class=\"wp-block-acf-related-posts__cards-item-image\">\n                                    <img decoding=\"async\" width=\"1920\" height=\"1080\" src=\"https:\/\/www.sirsa.ch\/wp-content\/uploads\/2025\/05\/sirsa-accueil-1.png\" class=\"attachment-full size-full\" alt=\"\" srcset=\"https:\/\/www.sirsa.ch\/wp-content\/uploads\/2025\/05\/sirsa-accueil-1.png 1920w, https:\/\/www.sirsa.ch\/wp-content\/uploads\/2025\/05\/sirsa-accueil-1-300x169.png 300w, https:\/\/www.sirsa.ch\/wp-content\/uploads\/2025\/05\/sirsa-accueil-1-1024x576.png 1024w, https:\/\/www.sirsa.ch\/wp-content\/uploads\/2025\/05\/sirsa-accueil-1-768x432.png 768w, https:\/\/www.sirsa.ch\/wp-content\/uploads\/2025\/05\/sirsa-accueil-1-1536x864.png 1536w\" sizes=\"(max-width: 1920px) 100vw, 1920px\" \/>                                <\/div>\n                            <\/div>\n                                                                                                                                                                                                    <div class=\"wp-block-acf-related-posts__cards-item\">\n                                    \n\n<a href=\"https:\/\/www.sirsa.ch\/de\/blog\/polizeiliche-kriminalitaetsstatistik-2024-in-der-schweiz\/\" class=\"c-post-card\">\n    <div class=\"c-post-card__box\">\n                    <span class=\"c-post-card__category\">\n                Nachrichten            <\/span>\n                <div class=\"c-post-card__top\">\n                            <div class=\"c-post-card__thumb\">\n                    <img decoding=\"async\" width=\"1166\" height=\"662\" src=\"https:\/\/www.sirsa.ch\/wp-content\/uploads\/2025\/03\/Screenshot-2025-05-15-at-15.24.13.png\" class=\"attachment-full size-full wp-post-image\" alt=\"\" srcset=\"https:\/\/www.sirsa.ch\/wp-content\/uploads\/2025\/03\/Screenshot-2025-05-15-at-15.24.13.png 1166w, https:\/\/www.sirsa.ch\/wp-content\/uploads\/2025\/03\/Screenshot-2025-05-15-at-15.24.13-300x170.png 300w, https:\/\/www.sirsa.ch\/wp-content\/uploads\/2025\/03\/Screenshot-2025-05-15-at-15.24.13-1024x581.png 1024w, https:\/\/www.sirsa.ch\/wp-content\/uploads\/2025\/03\/Screenshot-2025-05-15-at-15.24.13-768x436.png 768w\" sizes=\"(max-width: 1166px) 100vw, 1166px\" \/>                <\/div>\n                    <\/div>\n        <div class=\"c-post-card__text\">\n            <div class=\"c-post-card__date\">\n                03 M\u00e4rz 2025            <\/div>\n            <h5 class=\"c-post-card__title\">\n                Polizeiliche Kriminal&shy;it\u00e4tsstatistik 2024 in der Schweiz            <\/h5>\n                            <div class=\"c-post-card__excerpt\">\n                    <p>Im Jahr 2024 steigt die Kriminalit\u00e4t in der Schweiz an, angetrieben von digitalen und Verm\u00f6gensdelikten, mit deutlichen Unterschieden zwischen den Kantonen.<\/p>\n                <\/div>\n                    <\/div>\n    <\/div>\n<\/a>                                <\/div>\n                                                                                                                                                                                                                                                                <div class=\"wp-block-acf-related-posts__cards-item\">\n                                    \n\n<a href=\"https:\/\/www.sirsa.ch\/de\/blog\/cyberkriminalitaet-ein-thema-das-uns-alle-betrifft\/\" class=\"c-post-card\">\n    <div class=\"c-post-card__box\">\n                    <span class=\"c-post-card__category\">\n                Nachrichten            <\/span>\n                <div class=\"c-post-card__top\">\n                            <div class=\"c-post-card__thumb\">\n                    <img decoding=\"async\" width=\"2560\" height=\"1691\" src=\"https:\/\/www.sirsa.ch\/wp-content\/uploads\/2025\/05\/SIR-la-cibercriminalite-scaled.jpg\" class=\"attachment-full size-full wp-post-image\" alt=\"\" srcset=\"https:\/\/www.sirsa.ch\/wp-content\/uploads\/2025\/05\/SIR-la-cibercriminalite-scaled.jpg 2560w, https:\/\/www.sirsa.ch\/wp-content\/uploads\/2025\/05\/SIR-la-cibercriminalite-300x198.jpg 300w, https:\/\/www.sirsa.ch\/wp-content\/uploads\/2025\/05\/SIR-la-cibercriminalite-1024x677.jpg 1024w, https:\/\/www.sirsa.ch\/wp-content\/uploads\/2025\/05\/SIR-la-cibercriminalite-768x507.jpg 768w, https:\/\/www.sirsa.ch\/wp-content\/uploads\/2025\/05\/SIR-la-cibercriminalite-1536x1015.jpg 1536w, https:\/\/www.sirsa.ch\/wp-content\/uploads\/2025\/05\/SIR-la-cibercriminalite-2048x1353.jpg 2048w\" sizes=\"(max-width: 2560px) 100vw, 2560px\" \/>                <\/div>\n                    <\/div>\n        <div class=\"c-post-card__text\">\n            <div class=\"c-post-card__date\">\n                09 Dezember 2022            <\/div>\n            <h5 class=\"c-post-card__title\">\n                Cyber&shy;kriminalit\u00e4t: ein Thema, das uns alle betrifft!            <\/h5>\n                            <div class=\"c-post-card__excerpt\">\n                    <p>Im digitalen Zeitalter macht der CRS die Cybersicherheit zu einer Priorit\u00e4t, indem er klare Ratschl\u00e4ge f\u00fcr einen wirksamen Schutz erteilt.<\/p>\n                <\/div>\n                    <\/div>\n    <\/div>\n<\/a>                                <\/div>\n                                                                                                                                    <\/div>\n            <\/div>\n<\/section>","protected":false},"excerpt":{"rendered":"<p>Im Jahr 2020 gehen die Straftaten insgesamt zur\u00fcck, aber die Cyberkriminalit\u00e4t und die h\u00e4usliche Gewalt nehmen weiterhin stark zu.<\/p>\n","protected":false},"author":12,"featured_media":3040,"comment_status":"closed","ping_status":"closed","sticky":false,"template":"","format":"standard","meta":{"_acf_changed":false,"footnotes":""},"categories":[55],"tags":[],"class_list":["post-3057","post","type-post","status-publish","format-standard","has-post-thumbnail","hentry","category-nachrichten"],"acf":[],"yoast_head":"<title>Kriminalit\u00e4t in der Schweiz: Statistiken 2020 - SIR - Service d\u2019Intervention Rapide SA<\/title>\n<meta name=\"description\" content=\"Statistische Bilanz 2020 zur Kriminalit\u00e4t: Trends und wichtige Fakten, die Sie kennen sollten.\" \/>\n<meta name=\"robots\" content=\"index, follow, max-snippet:-1, max-image-preview:large, max-video-preview:-1\" \/>\n<link rel=\"canonical\" href=\"https:\/\/www.sirsa.ch\/de\/blog\/polizeiliche-kriminalitaetsstatistik-2020-in-der-schweiz\/\" \/>\n<meta property=\"og:locale\" content=\"de_DE\" \/>\n<meta property=\"og:type\" content=\"article\" \/>\n<meta property=\"og:title\" content=\"Polizeiliche Kriminal&shy;it\u00e4tsstatistik 2020 in der Schweiz\" \/>\n<meta property=\"og:description\" content=\"Statistische Bilanz 2020 zur Kriminalit\u00e4t: Trends und wichtige Fakten, die Sie kennen sollten.\" \/>\n<meta property=\"og:url\" content=\"https:\/\/www.sirsa.ch\/de\/blog\/polizeiliche-kriminalitaetsstatistik-2020-in-der-schweiz\/\" \/>\n<meta property=\"og:site_name\" content=\"SIR - Service d\u2019Intervention Rapide SA\" \/>\n<meta property=\"article:published_time\" content=\"2020-03-12T08:31:00+00:00\" \/>\n<meta property=\"article:modified_time\" content=\"2025-06-30T06:35:18+00:00\" \/>\n<meta property=\"og:image\" content=\"https:\/\/www.sirsa.ch\/wp-content\/uploads\/2025\/03\/Screenshot-2025-05-15-at-15.19.28.png\" \/>\n\t<meta property=\"og:image:width\" content=\"1584\" \/>\n\t<meta property=\"og:image:height\" content=\"976\" \/>\n\t<meta property=\"og:image:type\" content=\"image\/png\" \/>\n<meta name=\"author\" content=\"SIR News\" \/>\n<meta name=\"twitter:card\" content=\"summary_large_image\" \/>\n<meta name=\"twitter:label1\" content=\"Verfasst von\" \/>\n\t<meta name=\"twitter:data1\" content=\"SIR News\" \/>\n\t<meta name=\"twitter:label2\" content=\"Gesch\u00e4tzte Lesezeit\" \/>\n\t<meta name=\"twitter:data2\" content=\"1\u00a0Minute\" \/>\n<script type=\"application\/ld+json\" class=\"yoast-schema-graph\">{\"@context\":\"https:\\\/\\\/schema.org\",\"@graph\":[{\"@type\":\"Article\",\"@id\":\"https:\\\/\\\/www.sirsa.ch\\\/de\\\/blog\\\/polizeiliche-kriminalitaetsstatistik-2020-in-der-schweiz\\\/#article\",\"isPartOf\":{\"@id\":\"https:\\\/\\\/www.sirsa.ch\\\/de\\\/blog\\\/polizeiliche-kriminalitaetsstatistik-2020-in-der-schweiz\\\/\"},\"author\":{\"name\":\"SIR News\",\"@id\":\"https:\\\/\\\/www.sirsa.ch\\\/de\\\/#\\\/schema\\\/person\\\/3abf136f39dfd930ba7da19c81a95458\"},\"headline\":\"Polizeiliche Kriminal&shy;it\u00e4tsstatistik 2020 in der Schweiz\",\"datePublished\":\"2020-03-12T08:31:00+00:00\",\"dateModified\":\"2025-06-30T06:35:18+00:00\",\"mainEntityOfPage\":{\"@id\":\"https:\\\/\\\/www.sirsa.ch\\\/de\\\/blog\\\/polizeiliche-kriminalitaetsstatistik-2020-in-der-schweiz\\\/\"},\"wordCount\":8,\"publisher\":{\"@id\":\"https:\\\/\\\/www.sirsa.ch\\\/de\\\/#organization\"},\"image\":{\"@id\":\"https:\\\/\\\/www.sirsa.ch\\\/de\\\/blog\\\/polizeiliche-kriminalitaetsstatistik-2020-in-der-schweiz\\\/#primaryimage\"},\"thumbnailUrl\":\"https:\\\/\\\/www.sirsa.ch\\\/wp-content\\\/uploads\\\/2025\\\/03\\\/Screenshot-2025-05-15-at-15.19.28.png\",\"articleSection\":[\"Nachrichten\"],\"inLanguage\":\"de\"},{\"@type\":\"WebPage\",\"@id\":\"https:\\\/\\\/www.sirsa.ch\\\/de\\\/blog\\\/polizeiliche-kriminalitaetsstatistik-2020-in-der-schweiz\\\/\",\"url\":\"https:\\\/\\\/www.sirsa.ch\\\/de\\\/blog\\\/polizeiliche-kriminalitaetsstatistik-2020-in-der-schweiz\\\/\",\"name\":\"Kriminalit\u00e4t in der Schweiz: Statistiken 2020 - SIR - Service d\u2019Intervention Rapide SA\",\"isPartOf\":{\"@id\":\"https:\\\/\\\/www.sirsa.ch\\\/de\\\/#website\"},\"primaryImageOfPage\":{\"@id\":\"https:\\\/\\\/www.sirsa.ch\\\/de\\\/blog\\\/polizeiliche-kriminalitaetsstatistik-2020-in-der-schweiz\\\/#primaryimage\"},\"image\":{\"@id\":\"https:\\\/\\\/www.sirsa.ch\\\/de\\\/blog\\\/polizeiliche-kriminalitaetsstatistik-2020-in-der-schweiz\\\/#primaryimage\"},\"thumbnailUrl\":\"https:\\\/\\\/www.sirsa.ch\\\/wp-content\\\/uploads\\\/2025\\\/03\\\/Screenshot-2025-05-15-at-15.19.28.png\",\"datePublished\":\"2020-03-12T08:31:00+00:00\",\"dateModified\":\"2025-06-30T06:35:18+00:00\",\"description\":\"Statistische Bilanz 2020 zur Kriminalit\u00e4t: Trends und wichtige Fakten, die Sie kennen sollten.\",\"breadcrumb\":{\"@id\":\"https:\\\/\\\/www.sirsa.ch\\\/de\\\/blog\\\/polizeiliche-kriminalitaetsstatistik-2020-in-der-schweiz\\\/#breadcrumb\"},\"inLanguage\":\"de\",\"potentialAction\":[{\"@type\":\"ReadAction\",\"target\":[\"https:\\\/\\\/www.sirsa.ch\\\/de\\\/blog\\\/polizeiliche-kriminalitaetsstatistik-2020-in-der-schweiz\\\/\"]}]},{\"@type\":\"ImageObject\",\"inLanguage\":\"de\",\"@id\":\"https:\\\/\\\/www.sirsa.ch\\\/de\\\/blog\\\/polizeiliche-kriminalitaetsstatistik-2020-in-der-schweiz\\\/#primaryimage\",\"url\":\"https:\\\/\\\/www.sirsa.ch\\\/wp-content\\\/uploads\\\/2025\\\/03\\\/Screenshot-2025-05-15-at-15.19.28.png\",\"contentUrl\":\"https:\\\/\\\/www.sirsa.ch\\\/wp-content\\\/uploads\\\/2025\\\/03\\\/Screenshot-2025-05-15-at-15.19.28.png\",\"width\":1584,\"height\":976},{\"@type\":\"BreadcrumbList\",\"@id\":\"https:\\\/\\\/www.sirsa.ch\\\/de\\\/blog\\\/polizeiliche-kriminalitaetsstatistik-2020-in-der-schweiz\\\/#breadcrumb\",\"itemListElement\":[{\"@type\":\"ListItem\",\"position\":1,\"name\":\"Home\",\"item\":\"https:\\\/\\\/www.sirsa.ch\\\/de\\\/\"},{\"@type\":\"ListItem\",\"position\":2,\"name\":\"Polizeiliche Kriminal&shy;it\u00e4tsstatistik 2020 in der Schweiz\"}]},{\"@type\":\"WebSite\",\"@id\":\"https:\\\/\\\/www.sirsa.ch\\\/de\\\/#website\",\"url\":\"https:\\\/\\\/www.sirsa.ch\\\/de\\\/\",\"name\":\"Service d\u2019Intervention Rapide SA\",\"description\":\"Plus de 45 ans d&#039;exp\u00e9rience dans la s\u00e9curit\u00e9 priv\u00e9e au service des particuliers et des entreprises\",\"publisher\":{\"@id\":\"https:\\\/\\\/www.sirsa.ch\\\/de\\\/#organization\"},\"alternateName\":\"SIR SA - Service d\u2019Intervention Rapide SA\",\"potentialAction\":[{\"@type\":\"SearchAction\",\"target\":{\"@type\":\"EntryPoint\",\"urlTemplate\":\"https:\\\/\\\/www.sirsa.ch\\\/de\\\/?s={search_term_string}\"},\"query-input\":{\"@type\":\"PropertyValueSpecification\",\"valueRequired\":true,\"valueName\":\"search_term_string\"}}],\"inLanguage\":\"de\"},{\"@type\":\"Organization\",\"@id\":\"https:\\\/\\\/www.sirsa.ch\\\/de\\\/#organization\",\"name\":\"Service d'Intervention Rapide SA\",\"alternateName\":\"Service d'Intervention Rapide SA\",\"url\":\"https:\\\/\\\/www.sirsa.ch\\\/de\\\/\",\"logo\":{\"@type\":\"ImageObject\",\"inLanguage\":\"de\",\"@id\":\"https:\\\/\\\/www.sirsa.ch\\\/de\\\/#\\\/schema\\\/logo\\\/image\\\/\",\"url\":\"https:\\\/\\\/www.sirsa.ch\\\/wp-content\\\/uploads\\\/2025\\\/04\\\/cropped-sir-logo-1.png\",\"contentUrl\":\"https:\\\/\\\/www.sirsa.ch\\\/wp-content\\\/uploads\\\/2025\\\/04\\\/cropped-sir-logo-1.png\",\"width\":160,\"height\":160,\"caption\":\"Service d'Intervention Rapide SA\"},\"image\":{\"@id\":\"https:\\\/\\\/www.sirsa.ch\\\/de\\\/#\\\/schema\\\/logo\\\/image\\\/\"},\"sameAs\":[\"https:\\\/\\\/www.linkedin.com\\\/company\\\/serviceinterventionrapidesa\",\"https:\\\/\\\/www.youtube.com\\\/@sirdg5117\"],\"description\":\"Depuis 1978, le SIR fa\u00e7onne les standards de la s\u00e9curit\u00e9 en Suisse. Une expertise construite aux c\u00f4t\u00e9s de ceux que nous prot\u00e9geons.\",\"email\":\"secretariat@sirsa.ch\",\"telephone\":\"+41223644644\",\"legalName\":\"Service d'Int\u00e9rvention Rapide SA\",\"foundingDate\":\"1978-01-19\",\"numberOfEmployees\":{\"@type\":\"QuantitativeValue\",\"minValue\":\"201\",\"maxValue\":\"500\"}},{\"@type\":\"Person\",\"@id\":\"https:\\\/\\\/www.sirsa.ch\\\/de\\\/#\\\/schema\\\/person\\\/3abf136f39dfd930ba7da19c81a95458\",\"name\":\"SIR News\",\"image\":{\"@type\":\"ImageObject\",\"inLanguage\":\"de\",\"@id\":\"https:\\\/\\\/secure.gravatar.com\\\/avatar\\\/7d6c533cab8218a1387eb7dcc195aa64ef058acea8210d3997a18e9737564c6e?s=96&d=mm&r=g\",\"url\":\"https:\\\/\\\/secure.gravatar.com\\\/avatar\\\/7d6c533cab8218a1387eb7dcc195aa64ef058acea8210d3997a18e9737564c6e?s=96&d=mm&r=g\",\"contentUrl\":\"https:\\\/\\\/secure.gravatar.com\\\/avatar\\\/7d6c533cab8218a1387eb7dcc195aa64ef058acea8210d3997a18e9737564c6e?s=96&d=mm&r=g\",\"caption\":\"SIR News\"},\"url\":\"https:\\\/\\\/www.sirsa.ch\\\/de\\\/blog\\\/author\\\/sirnewssirsa-ch\\\/\"}]}<\/script>","yoast_head_json":{"title":"Kriminalit\u00e4t in der Schweiz: Statistiken 2020 - SIR - Service d\u2019Intervention Rapide SA","description":"Statistische Bilanz 2020 zur Kriminalit\u00e4t: Trends und wichtige Fakten, die Sie kennen sollten.","robots":{"index":"index","follow":"follow","max-snippet":"max-snippet:-1","max-image-preview":"max-image-preview:large","max-video-preview":"max-video-preview:-1"},"canonical":"https:\/\/www.sirsa.ch\/de\/blog\/polizeiliche-kriminalitaetsstatistik-2020-in-der-schweiz\/","og_locale":"de_DE","og_type":"article","og_title":"Polizeiliche Kriminal&shy;it\u00e4tsstatistik 2020 in der Schweiz","og_description":"Statistische Bilanz 2020 zur Kriminalit\u00e4t: Trends und wichtige Fakten, die Sie kennen sollten.","og_url":"https:\/\/www.sirsa.ch\/de\/blog\/polizeiliche-kriminalitaetsstatistik-2020-in-der-schweiz\/","og_site_name":"SIR - Service d\u2019Intervention Rapide SA","article_published_time":"2020-03-12T08:31:00+00:00","article_modified_time":"2025-06-30T06:35:18+00:00","og_image":[{"width":1584,"height":976,"url":"https:\/\/www.sirsa.ch\/wp-content\/uploads\/2025\/03\/Screenshot-2025-05-15-at-15.19.28.png","type":"image\/png"}],"author":"SIR News","twitter_card":"summary_large_image","twitter_misc":{"Verfasst von":"SIR News","Gesch\u00e4tzte Lesezeit":"1\u00a0Minute"},"schema":{"@context":"https:\/\/schema.org","@graph":[{"@type":"Article","@id":"https:\/\/www.sirsa.ch\/de\/blog\/polizeiliche-kriminalitaetsstatistik-2020-in-der-schweiz\/#article","isPartOf":{"@id":"https:\/\/www.sirsa.ch\/de\/blog\/polizeiliche-kriminalitaetsstatistik-2020-in-der-schweiz\/"},"author":{"name":"SIR News","@id":"https:\/\/www.sirsa.ch\/de\/#\/schema\/person\/3abf136f39dfd930ba7da19c81a95458"},"headline":"Polizeiliche Kriminal&shy;it\u00e4tsstatistik 2020 in der Schweiz","datePublished":"2020-03-12T08:31:00+00:00","dateModified":"2025-06-30T06:35:18+00:00","mainEntityOfPage":{"@id":"https:\/\/www.sirsa.ch\/de\/blog\/polizeiliche-kriminalitaetsstatistik-2020-in-der-schweiz\/"},"wordCount":8,"publisher":{"@id":"https:\/\/www.sirsa.ch\/de\/#organization"},"image":{"@id":"https:\/\/www.sirsa.ch\/de\/blog\/polizeiliche-kriminalitaetsstatistik-2020-in-der-schweiz\/#primaryimage"},"thumbnailUrl":"https:\/\/www.sirsa.ch\/wp-content\/uploads\/2025\/03\/Screenshot-2025-05-15-at-15.19.28.png","articleSection":["Nachrichten"],"inLanguage":"de"},{"@type":"WebPage","@id":"https:\/\/www.sirsa.ch\/de\/blog\/polizeiliche-kriminalitaetsstatistik-2020-in-der-schweiz\/","url":"https:\/\/www.sirsa.ch\/de\/blog\/polizeiliche-kriminalitaetsstatistik-2020-in-der-schweiz\/","name":"Kriminalit\u00e4t in der Schweiz: Statistiken 2020 - SIR - Service d\u2019Intervention Rapide SA","isPartOf":{"@id":"https:\/\/www.sirsa.ch\/de\/#website"},"primaryImageOfPage":{"@id":"https:\/\/www.sirsa.ch\/de\/blog\/polizeiliche-kriminalitaetsstatistik-2020-in-der-schweiz\/#primaryimage"},"image":{"@id":"https:\/\/www.sirsa.ch\/de\/blog\/polizeiliche-kriminalitaetsstatistik-2020-in-der-schweiz\/#primaryimage"},"thumbnailUrl":"https:\/\/www.sirsa.ch\/wp-content\/uploads\/2025\/03\/Screenshot-2025-05-15-at-15.19.28.png","datePublished":"2020-03-12T08:31:00+00:00","dateModified":"2025-06-30T06:35:18+00:00","description":"Statistische Bilanz 2020 zur Kriminalit\u00e4t: Trends und wichtige Fakten, die Sie kennen sollten.","breadcrumb":{"@id":"https:\/\/www.sirsa.ch\/de\/blog\/polizeiliche-kriminalitaetsstatistik-2020-in-der-schweiz\/#breadcrumb"},"inLanguage":"de","potentialAction":[{"@type":"ReadAction","target":["https:\/\/www.sirsa.ch\/de\/blog\/polizeiliche-kriminalitaetsstatistik-2020-in-der-schweiz\/"]}]},{"@type":"ImageObject","inLanguage":"de","@id":"https:\/\/www.sirsa.ch\/de\/blog\/polizeiliche-kriminalitaetsstatistik-2020-in-der-schweiz\/#primaryimage","url":"https:\/\/www.sirsa.ch\/wp-content\/uploads\/2025\/03\/Screenshot-2025-05-15-at-15.19.28.png","contentUrl":"https:\/\/www.sirsa.ch\/wp-content\/uploads\/2025\/03\/Screenshot-2025-05-15-at-15.19.28.png","width":1584,"height":976},{"@type":"BreadcrumbList","@id":"https:\/\/www.sirsa.ch\/de\/blog\/polizeiliche-kriminalitaetsstatistik-2020-in-der-schweiz\/#breadcrumb","itemListElement":[{"@type":"ListItem","position":1,"name":"Home","item":"https:\/\/www.sirsa.ch\/de\/"},{"@type":"ListItem","position":2,"name":"Polizeiliche Kriminal&shy;it\u00e4tsstatistik 2020 in der Schweiz"}]},{"@type":"WebSite","@id":"https:\/\/www.sirsa.ch\/de\/#website","url":"https:\/\/www.sirsa.ch\/de\/","name":"Service d\u2019Intervention Rapide SA","description":"Plus de 45 ans d&#039;exp\u00e9rience dans la s\u00e9curit\u00e9 priv\u00e9e au service des particuliers et des entreprises","publisher":{"@id":"https:\/\/www.sirsa.ch\/de\/#organization"},"alternateName":"SIR SA - Service d\u2019Intervention Rapide SA","potentialAction":[{"@type":"SearchAction","target":{"@type":"EntryPoint","urlTemplate":"https:\/\/www.sirsa.ch\/de\/?s={search_term_string}"},"query-input":{"@type":"PropertyValueSpecification","valueRequired":true,"valueName":"search_term_string"}}],"inLanguage":"de"},{"@type":"Organization","@id":"https:\/\/www.sirsa.ch\/de\/#organization","name":"Service d'Intervention Rapide SA","alternateName":"Service d'Intervention Rapide SA","url":"https:\/\/www.sirsa.ch\/de\/","logo":{"@type":"ImageObject","inLanguage":"de","@id":"https:\/\/www.sirsa.ch\/de\/#\/schema\/logo\/image\/","url":"https:\/\/www.sirsa.ch\/wp-content\/uploads\/2025\/04\/cropped-sir-logo-1.png","contentUrl":"https:\/\/www.sirsa.ch\/wp-content\/uploads\/2025\/04\/cropped-sir-logo-1.png","width":160,"height":160,"caption":"Service d'Intervention Rapide SA"},"image":{"@id":"https:\/\/www.sirsa.ch\/de\/#\/schema\/logo\/image\/"},"sameAs":["https:\/\/www.linkedin.com\/company\/serviceinterventionrapidesa","https:\/\/www.youtube.com\/@sirdg5117"],"description":"Depuis 1978, le SIR fa\u00e7onne les standards de la s\u00e9curit\u00e9 en Suisse. Une expertise construite aux c\u00f4t\u00e9s de ceux que nous prot\u00e9geons.","email":"secretariat@sirsa.ch","telephone":"+41223644644","legalName":"Service d'Int\u00e9rvention Rapide SA","foundingDate":"1978-01-19","numberOfEmployees":{"@type":"QuantitativeValue","minValue":"201","maxValue":"500"}},{"@type":"Person","@id":"https:\/\/www.sirsa.ch\/de\/#\/schema\/person\/3abf136f39dfd930ba7da19c81a95458","name":"SIR News","image":{"@type":"ImageObject","inLanguage":"de","@id":"https:\/\/secure.gravatar.com\/avatar\/7d6c533cab8218a1387eb7dcc195aa64ef058acea8210d3997a18e9737564c6e?s=96&d=mm&r=g","url":"https:\/\/secure.gravatar.com\/avatar\/7d6c533cab8218a1387eb7dcc195aa64ef058acea8210d3997a18e9737564c6e?s=96&d=mm&r=g","contentUrl":"https:\/\/secure.gravatar.com\/avatar\/7d6c533cab8218a1387eb7dcc195aa64ef058acea8210d3997a18e9737564c6e?s=96&d=mm&r=g","caption":"SIR News"},"url":"https:\/\/www.sirsa.ch\/de\/blog\/author\/sirnewssirsa-ch\/"}]}},"_links":{"self":[{"href":"https:\/\/www.sirsa.ch\/de\/wp-json\/wp\/v2\/posts\/3057","targetHints":{"allow":["GET"]}}],"collection":[{"href":"https:\/\/www.sirsa.ch\/de\/wp-json\/wp\/v2\/posts"}],"about":[{"href":"https:\/\/www.sirsa.ch\/de\/wp-json\/wp\/v2\/types\/post"}],"author":[{"embeddable":true,"href":"https:\/\/www.sirsa.ch\/de\/wp-json\/wp\/v2\/users\/12"}],"replies":[{"embeddable":true,"href":"https:\/\/www.sirsa.ch\/de\/wp-json\/wp\/v2\/comments?post=3057"}],"version-history":[{"count":3,"href":"https:\/\/www.sirsa.ch\/de\/wp-json\/wp\/v2\/posts\/3057\/revisions"}],"predecessor-version":[{"id":3572,"href":"https:\/\/www.sirsa.ch\/de\/wp-json\/wp\/v2\/posts\/3057\/revisions\/3572"}],"wp:featuredmedia":[{"embeddable":true,"href":"https:\/\/www.sirsa.ch\/de\/wp-json\/wp\/v2\/media\/3040"}],"wp:attachment":[{"href":"https:\/\/www.sirsa.ch\/de\/wp-json\/wp\/v2\/media?parent=3057"}],"wp:term":[{"taxonomy":"category","embeddable":true,"href":"https:\/\/www.sirsa.ch\/de\/wp-json\/wp\/v2\/categories?post=3057"},{"taxonomy":"post_tag","embeddable":true,"href":"https:\/\/www.sirsa.ch\/de\/wp-json\/wp\/v2\/tags?post=3057"}],"curies":[{"name":"wp","href":"https:\/\/api.w.org\/{rel}","templated":true}]}}