{"id":3054,"date":"2021-06-09T08:28:00","date_gmt":"2021-06-09T08:28:00","guid":{"rendered":"https:\/\/www.sirsa.ch\/blog\/sir-ist-im-dritten-jahr-der-beste-arbeitgeber\/"},"modified":"2025-06-25T08:47:08","modified_gmt":"2025-06-25T08:47:08","slug":"sir-ist-im-dritten-jahr-der-beste-arbeitgeber","status":"publish","type":"post","link":"https:\/\/www.sirsa.ch\/de\/blog\/sir-ist-im-dritten-jahr-der-beste-arbeitgeber\/","title":{"rendered":"SIR ist im dritten Jahr der beste Arbeitgeber!"},"content":{"rendered":"\n\n<section class=\"wp-block-acf-post-text\">\n    <div class=\"container\">\n        <div class=\"wp-block-acf-post-text__grid \">\n            <div class=\"wp-block-acf-post-text__col\">\n                                    <div class=\"wp-block-acf-post-text__side-content\">\n                            <div class=\"c-post-info\">\n        <div class=\"c-post-info__label\">\n            Article        <\/div>\n                            <div class=\"c-post-info__date\">\n                Date:\n                09 Juni 2021            <\/div>\n                            <div class=\"c-post-info__category\">\n                Nachrichten            <\/div>\n                    <\/div>\n                    <\/div>\n                            <\/div>\n            <div class=\"wp-block-acf-post-text__col\">\n                                    <div class=\"wp-block-acf-post-text__content c-wysiwyg has-post-info\">\n                        <p>In 2019 wird der SIR zum ersten Mal in die Liste der <strong>Besten Arbeitgeber der Westschweiz<\/strong> aufgenommen und steht damit direkt auf dem <strong>ersten<\/strong> <strong>Platz<\/strong> des Podiums.<\/p>\n<blockquote><p>\u201e<strong>2019: eine erste Anerkennung, die die T\u00fcr \u00f6ffnet<\/strong>\u201c<\/p>\n<p>&#8211; Claire M. Mission Manager bei SIR<\/p><\/blockquote>\n<p>Diese erste Auszeichnung best\u00e4tigt nun das langj\u00e4hrige Engagement des SIR f\u00fcr eine Unternehmenskultur, die auf Menschlichkeit, Verantwortung und der st\u00e4ndigen Verbesserung der Arbeitsbedingungen basiert.<\/p>\n                    <\/div>\n                                \n                <\/div>\n        <\/div>\n    <\/div>\n<\/section>\n\n\n\n<section class=\"wp-block-acf-post-text\">\n    <div class=\"container\">\n        <div class=\"wp-block-acf-post-text__grid \">\n            <div class=\"wp-block-acf-post-text__col\">\n                            <\/div>\n            <div class=\"wp-block-acf-post-text__col\">\n                                    <div class=\"wp-block-acf-post-text__content c-wysiwyg \">\n                        <p><strong>2020: eine \u00fcberw\u00e4ltigende Best\u00e4tigung <\/strong><\/p>\n<p>Im Jahr 2020 wiederholte der SIR mit Stolz seine Position als <strong>bester Arbeitgeber in der franz\u00f6sischen Schweiz<\/strong> mit einem bemerkenswerten Ergebnis von 659 Punkten. In diesem Jahr z\u00e4hlte das Unternehmen 421 Mitarbeiter und erreichte mit der <strong>Fair-ON-Pay-Zertifizierung<\/strong> einen weiteren Meilenstein, der sein aktives Engagement f\u00fcr Lohngerechtigkeit best\u00e4tigt.<\/p>\n<p>Von den elf Kapiteln, die in der Umfrage des Magazins \u201e<em>Bilan<\/em>\u201c bewertet wurden, zeichnet sich SIR dadurch aus, dass es in sieben von ihnen an der Spitze steht;<\/p>\n<ul>\n<li>Verg\u00fctung,<\/li>\n<li>Gesundheit am Arbeitsplatz,<\/li>\n<li>Entwicklung und Ausbildung,<\/li>\n<li>F\u00f6rderung der Gleichheit,<\/li>\n<li>Ferien und Urlaub,<\/li>\n<li>Mobilit\u00e4t,<\/li>\n<li>Berufliche Vorsorge<\/li>\n<\/ul>\n                    <\/div>\n                                \n                <\/div>\n        <\/div>\n    <\/div>\n<\/section>\n\n\n\n<section class=\"light-gray-bg wp-block-acf-text-banner\">\n    <div class=\"container\">\n                                    <h1 class=\"wp-block-acf-text-banner__title wp-block-acf-text-banner__title--js inherit\">Soziale F\u00fchrung: SIR SA best\u00e4tigt sein menschliches Engagement<\/h1>\n                            <div class=\"wp-block-acf-text-banner__main-description\"><p>Eine Rangliste, die starke Werte widerspiegelt: Respekt, Lohngerechtigkeit und Qualit\u00e4t des Arbeitslebens.<\/p>\n<\/div>\n                                <!--  -->\n                                        <\/div>\n<\/section>\n\n\n\n<section class=\"wp-block-acf-post-text\">\n    <div class=\"container\">\n        <div class=\"wp-block-acf-post-text__grid \">\n            <div class=\"wp-block-acf-post-text__col\">\n                            <\/div>\n            <div class=\"wp-block-acf-post-text__col\">\n                                    <div class=\"wp-block-acf-post-text__content c-wysiwyg \">\n                        <p><strong>2021: eine dauerhafte Weihe<\/strong><\/p>\n<p>Im Jahr 2021 ver\u00f6ffentlicht die Zeitschrift \u201e<em>Bilan<\/em>\u201c zum letzten Mal ihre Rangliste der \u201e<strong>Besten Arbeitgeber der Westschweiz<\/strong>\u201c. Zum dritten Mal in Folge belegt der SIR den ersten Platz in der Kategorie der mittelgro\u00dfen Unternehmen und beendet damit diese Rubrik mit einer ausgezeichneten Note.<\/p>\n<p>Die Verleihung dieser h\u00f6chsten Auszeichnung mit einem Ergebnis von 629 Punkten ist mehr als nur eine Belohnung: Es ist die Anerkennung eines st\u00e4ndigen Engagements f\u00fcr das Wohlbefinden der Mitarbeiter, die Qualit\u00e4t der Managementpraktiken und die Koh\u00e4renz einer soliden, menschlichen und fairen Personalpolitik.<\/p>\n                    <\/div>\n                                \n                <\/div>\n        <\/div>\n    <\/div>\n<\/section>\n\n\n\n<section class=\"light-bg pb-none wp-block-acf-text-banner\">\n    <div class=\"container\">\n                            <span class=\"wp-block-acf-text-banner__label\">Sehen Sie auch<\/span>\n                            <h1 class=\"wp-block-acf-text-banner__title wp-block-acf-text-banner__title--js inherit\">Artikel, die Sie interessieren k\u00f6nnten<\/h1>\n                                        <!--  -->\n                                        <\/div>\n<\/section>\n\n\n\n<section class=\"wp-block-acf-related-posts\">\n    <div class=\"container\">\n        <div class=\"wp-block-acf-related-posts__intro\">\n                                <\/div>\n                    <div class=\"wp-block-acf-related-posts__cards\">\n                                                                                                                                                                        <div class=\"wp-block-acf-related-posts__cards-item\">\n                                <div class=\"wp-block-acf-related-posts__cards-item-image\">\n                                    <img decoding=\"async\" width=\"1920\" height=\"1080\" src=\"https:\/\/www.sirsa.ch\/wp-content\/uploads\/2025\/05\/sirsa-accueil-1.png\" class=\"attachment-full size-full\" alt=\"\" srcset=\"https:\/\/www.sirsa.ch\/wp-content\/uploads\/2025\/05\/sirsa-accueil-1.png 1920w, https:\/\/www.sirsa.ch\/wp-content\/uploads\/2025\/05\/sirsa-accueil-1-300x169.png 300w, https:\/\/www.sirsa.ch\/wp-content\/uploads\/2025\/05\/sirsa-accueil-1-1024x576.png 1024w, https:\/\/www.sirsa.ch\/wp-content\/uploads\/2025\/05\/sirsa-accueil-1-768x432.png 768w, https:\/\/www.sirsa.ch\/wp-content\/uploads\/2025\/05\/sirsa-accueil-1-1536x864.png 1536w\" sizes=\"(max-width: 1920px) 100vw, 1920px\" \/>                                <\/div>\n                            <\/div>\n                                                                                                                                                                                                    <div class=\"wp-block-acf-related-posts__cards-item\">\n                                    \n\n<a href=\"https:\/\/www.sirsa.ch\/de\/blog\/polizeiliche-kriminalitaetsstatistik-2024-in-der-schweiz\/\" class=\"c-post-card\">\n    <div class=\"c-post-card__box\">\n                    <span class=\"c-post-card__category\">\n                Nachrichten            <\/span>\n                <div class=\"c-post-card__top\">\n                            <div class=\"c-post-card__thumb\">\n                    <img decoding=\"async\" width=\"1166\" height=\"662\" src=\"https:\/\/www.sirsa.ch\/wp-content\/uploads\/2025\/03\/Screenshot-2025-05-15-at-15.24.13.png\" class=\"attachment-full size-full wp-post-image\" alt=\"\" srcset=\"https:\/\/www.sirsa.ch\/wp-content\/uploads\/2025\/03\/Screenshot-2025-05-15-at-15.24.13.png 1166w, https:\/\/www.sirsa.ch\/wp-content\/uploads\/2025\/03\/Screenshot-2025-05-15-at-15.24.13-300x170.png 300w, https:\/\/www.sirsa.ch\/wp-content\/uploads\/2025\/03\/Screenshot-2025-05-15-at-15.24.13-1024x581.png 1024w, https:\/\/www.sirsa.ch\/wp-content\/uploads\/2025\/03\/Screenshot-2025-05-15-at-15.24.13-768x436.png 768w\" sizes=\"(max-width: 1166px) 100vw, 1166px\" \/>                <\/div>\n                    <\/div>\n        <div class=\"c-post-card__text\">\n            <div class=\"c-post-card__date\">\n                03 M\u00e4rz 2025            <\/div>\n            <h5 class=\"c-post-card__title\">\n                Polizeiliche Kriminal&shy;it\u00e4tsstatistik 2024 in der Schweiz            <\/h5>\n                            <div class=\"c-post-card__excerpt\">\n                    <p>Im Jahr 2024 steigt die Kriminalit\u00e4t in der Schweiz an, angetrieben von digitalen und Verm\u00f6gensdelikten, mit deutlichen Unterschieden zwischen den Kantonen.<\/p>\n                <\/div>\n                    <\/div>\n    <\/div>\n<\/a>                                <\/div>\n                                                                                                                                                                                                                                                                <div class=\"wp-block-acf-related-posts__cards-item\">\n                                    \n\n<a href=\"https:\/\/www.sirsa.ch\/de\/blog\/cyberkriminalitaet-ein-thema-das-uns-alle-betrifft\/\" class=\"c-post-card\">\n    <div class=\"c-post-card__box\">\n                    <span class=\"c-post-card__category\">\n                Nachrichten            <\/span>\n                <div class=\"c-post-card__top\">\n                            <div class=\"c-post-card__thumb\">\n                    <img decoding=\"async\" width=\"2560\" height=\"1691\" src=\"https:\/\/www.sirsa.ch\/wp-content\/uploads\/2025\/05\/SIR-la-cibercriminalite-scaled.jpg\" class=\"attachment-full size-full wp-post-image\" alt=\"\" srcset=\"https:\/\/www.sirsa.ch\/wp-content\/uploads\/2025\/05\/SIR-la-cibercriminalite-scaled.jpg 2560w, https:\/\/www.sirsa.ch\/wp-content\/uploads\/2025\/05\/SIR-la-cibercriminalite-300x198.jpg 300w, https:\/\/www.sirsa.ch\/wp-content\/uploads\/2025\/05\/SIR-la-cibercriminalite-1024x677.jpg 1024w, https:\/\/www.sirsa.ch\/wp-content\/uploads\/2025\/05\/SIR-la-cibercriminalite-768x507.jpg 768w, https:\/\/www.sirsa.ch\/wp-content\/uploads\/2025\/05\/SIR-la-cibercriminalite-1536x1015.jpg 1536w, https:\/\/www.sirsa.ch\/wp-content\/uploads\/2025\/05\/SIR-la-cibercriminalite-2048x1353.jpg 2048w\" sizes=\"(max-width: 2560px) 100vw, 2560px\" \/>                <\/div>\n                    <\/div>\n        <div class=\"c-post-card__text\">\n            <div class=\"c-post-card__date\">\n                09 Dezember 2022            <\/div>\n            <h5 class=\"c-post-card__title\">\n                Cyber&shy;kriminalit\u00e4t: ein Thema, das uns alle betrifft!            <\/h5>\n                            <div class=\"c-post-card__excerpt\">\n                    <p>Im digitalen Zeitalter macht der CRS die Cybersicherheit zu einer Priorit\u00e4t, indem er klare Ratschl\u00e4ge f\u00fcr einen wirksamen Schutz erteilt.<\/p>\n                <\/div>\n                    <\/div>\n    <\/div>\n<\/a>                                <\/div>\n                                                                                                                                    <\/div>\n            <\/div>\n<\/section>","protected":false},"excerpt":{"rendered":"<p>SIR wurde dreimal als \u201eBester Arbeitgeber\u201c ausgezeichnet und bekr\u00e4ftigt sein Engagement f\u00fcr Wohlbefinden, Fairness und eine menschliche Unternehmenskultur.<\/p>\n","protected":false},"author":12,"featured_media":3055,"comment_status":"closed","ping_status":"closed","sticky":false,"template":"","format":"standard","meta":{"_acf_changed":false,"footnotes":""},"categories":[55],"tags":[],"class_list":["post-3054","post","type-post","status-publish","format-standard","has-post-thumbnail","hentry","category-nachrichten"],"acf":[],"yoast_head":"<title>Nie zwei ohne drei: ein SIRSA-Erfolg - SIR - Service d\u2019Intervention Rapide SA<\/title>\n<meta name=\"description\" content=\"3 Mal zum besten Arbeitgeber der Westschweiz gew\u00e4hlt: eine Anerkennung unseres Engagements f\u00fcr das Wohlbefinden unserer Teams.\" \/>\n<meta name=\"robots\" content=\"index, follow, max-snippet:-1, max-image-preview:large, max-video-preview:-1\" \/>\n<link rel=\"canonical\" href=\"https:\/\/www.sirsa.ch\/de\/blog\/sir-ist-im-dritten-jahr-der-beste-arbeitgeber\/\" \/>\n<meta property=\"og:locale\" content=\"de_DE\" \/>\n<meta property=\"og:type\" content=\"article\" \/>\n<meta property=\"og:title\" content=\"SIR ist im dritten Jahr der beste Arbeitgeber!\" \/>\n<meta property=\"og:description\" content=\"3 Mal zum besten Arbeitgeber der Westschweiz gew\u00e4hlt: eine Anerkennung unseres Engagements f\u00fcr das Wohlbefinden unserer Teams.\" \/>\n<meta property=\"og:url\" content=\"https:\/\/www.sirsa.ch\/de\/blog\/sir-ist-im-dritten-jahr-der-beste-arbeitgeber\/\" \/>\n<meta property=\"og:site_name\" content=\"SIR - Service d\u2019Intervention Rapide SA\" \/>\n<meta property=\"article:published_time\" content=\"2021-06-09T08:28:00+00:00\" \/>\n<meta property=\"article:modified_time\" content=\"2025-06-25T08:47:08+00:00\" \/>\n<meta property=\"og:image\" content=\"https:\/\/www.sirsa.ch\/wp-content\/uploads\/2025\/05\/sirsa-jamais-deux-sans-trois.png\" \/>\n\t<meta property=\"og:image:width\" content=\"2560\" \/>\n\t<meta property=\"og:image:height\" content=\"1440\" \/>\n\t<meta property=\"og:image:type\" content=\"image\/jpeg\" \/>\n<meta name=\"author\" content=\"SIR News\" \/>\n<meta name=\"twitter:card\" content=\"summary_large_image\" \/>\n<meta name=\"twitter:label1\" content=\"Verfasst von\" \/>\n\t<meta name=\"twitter:data1\" content=\"SIR News\" \/>\n\t<meta name=\"twitter:label2\" content=\"Gesch\u00e4tzte Lesezeit\" \/>\n\t<meta name=\"twitter:data2\" content=\"1\u00a0Minute\" \/>\n<script type=\"application\/ld+json\" class=\"yoast-schema-graph\">{\"@context\":\"https:\\\/\\\/schema.org\",\"@graph\":[{\"@type\":\"Article\",\"@id\":\"https:\\\/\\\/www.sirsa.ch\\\/de\\\/blog\\\/sir-ist-im-dritten-jahr-der-beste-arbeitgeber\\\/#article\",\"isPartOf\":{\"@id\":\"https:\\\/\\\/www.sirsa.ch\\\/de\\\/blog\\\/sir-ist-im-dritten-jahr-der-beste-arbeitgeber\\\/\"},\"author\":{\"name\":\"SIR News\",\"@id\":\"https:\\\/\\\/www.sirsa.ch\\\/de\\\/#\\\/schema\\\/person\\\/3abf136f39dfd930ba7da19c81a95458\"},\"headline\":\"SIR ist im dritten Jahr der beste Arbeitgeber!\",\"datePublished\":\"2021-06-09T08:28:00+00:00\",\"dateModified\":\"2025-06-25T08:47:08+00:00\",\"mainEntityOfPage\":{\"@id\":\"https:\\\/\\\/www.sirsa.ch\\\/de\\\/blog\\\/sir-ist-im-dritten-jahr-der-beste-arbeitgeber\\\/\"},\"wordCount\":8,\"publisher\":{\"@id\":\"https:\\\/\\\/www.sirsa.ch\\\/de\\\/#organization\"},\"image\":{\"@id\":\"https:\\\/\\\/www.sirsa.ch\\\/de\\\/blog\\\/sir-ist-im-dritten-jahr-der-beste-arbeitgeber\\\/#primaryimage\"},\"thumbnailUrl\":\"https:\\\/\\\/www.sirsa.ch\\\/wp-content\\\/uploads\\\/2025\\\/05\\\/sirsa-jamais-deux-sans-trois.png\",\"articleSection\":[\"Nachrichten\"],\"inLanguage\":\"de\"},{\"@type\":\"WebPage\",\"@id\":\"https:\\\/\\\/www.sirsa.ch\\\/de\\\/blog\\\/sir-ist-im-dritten-jahr-der-beste-arbeitgeber\\\/\",\"url\":\"https:\\\/\\\/www.sirsa.ch\\\/de\\\/blog\\\/sir-ist-im-dritten-jahr-der-beste-arbeitgeber\\\/\",\"name\":\"Nie zwei ohne drei: ein SIRSA-Erfolg - SIR - Service d\u2019Intervention Rapide SA\",\"isPartOf\":{\"@id\":\"https:\\\/\\\/www.sirsa.ch\\\/de\\\/#website\"},\"primaryImageOfPage\":{\"@id\":\"https:\\\/\\\/www.sirsa.ch\\\/de\\\/blog\\\/sir-ist-im-dritten-jahr-der-beste-arbeitgeber\\\/#primaryimage\"},\"image\":{\"@id\":\"https:\\\/\\\/www.sirsa.ch\\\/de\\\/blog\\\/sir-ist-im-dritten-jahr-der-beste-arbeitgeber\\\/#primaryimage\"},\"thumbnailUrl\":\"https:\\\/\\\/www.sirsa.ch\\\/wp-content\\\/uploads\\\/2025\\\/05\\\/sirsa-jamais-deux-sans-trois.png\",\"datePublished\":\"2021-06-09T08:28:00+00:00\",\"dateModified\":\"2025-06-25T08:47:08+00:00\",\"description\":\"3 Mal zum besten Arbeitgeber der Westschweiz gew\u00e4hlt: eine Anerkennung unseres Engagements f\u00fcr das Wohlbefinden unserer Teams.\",\"breadcrumb\":{\"@id\":\"https:\\\/\\\/www.sirsa.ch\\\/de\\\/blog\\\/sir-ist-im-dritten-jahr-der-beste-arbeitgeber\\\/#breadcrumb\"},\"inLanguage\":\"de\",\"potentialAction\":[{\"@type\":\"ReadAction\",\"target\":[\"https:\\\/\\\/www.sirsa.ch\\\/de\\\/blog\\\/sir-ist-im-dritten-jahr-der-beste-arbeitgeber\\\/\"]}]},{\"@type\":\"ImageObject\",\"inLanguage\":\"de\",\"@id\":\"https:\\\/\\\/www.sirsa.ch\\\/de\\\/blog\\\/sir-ist-im-dritten-jahr-der-beste-arbeitgeber\\\/#primaryimage\",\"url\":\"https:\\\/\\\/www.sirsa.ch\\\/wp-content\\\/uploads\\\/2025\\\/05\\\/sirsa-jamais-deux-sans-trois.png\",\"contentUrl\":\"https:\\\/\\\/www.sirsa.ch\\\/wp-content\\\/uploads\\\/2025\\\/05\\\/sirsa-jamais-deux-sans-trois.png\",\"width\":2560,\"height\":1440},{\"@type\":\"BreadcrumbList\",\"@id\":\"https:\\\/\\\/www.sirsa.ch\\\/de\\\/blog\\\/sir-ist-im-dritten-jahr-der-beste-arbeitgeber\\\/#breadcrumb\",\"itemListElement\":[{\"@type\":\"ListItem\",\"position\":1,\"name\":\"Home\",\"item\":\"https:\\\/\\\/www.sirsa.ch\\\/de\\\/\"},{\"@type\":\"ListItem\",\"position\":2,\"name\":\"SIR ist im dritten Jahr der beste Arbeitgeber!\"}]},{\"@type\":\"WebSite\",\"@id\":\"https:\\\/\\\/www.sirsa.ch\\\/de\\\/#website\",\"url\":\"https:\\\/\\\/www.sirsa.ch\\\/de\\\/\",\"name\":\"Service d\u2019Intervention Rapide SA\",\"description\":\"Plus de 45 ans d&#039;exp\u00e9rience dans la s\u00e9curit\u00e9 priv\u00e9e au service des particuliers et des entreprises\",\"publisher\":{\"@id\":\"https:\\\/\\\/www.sirsa.ch\\\/de\\\/#organization\"},\"alternateName\":\"SIR SA - Service d\u2019Intervention Rapide SA\",\"potentialAction\":[{\"@type\":\"SearchAction\",\"target\":{\"@type\":\"EntryPoint\",\"urlTemplate\":\"https:\\\/\\\/www.sirsa.ch\\\/de\\\/?s={search_term_string}\"},\"query-input\":{\"@type\":\"PropertyValueSpecification\",\"valueRequired\":true,\"valueName\":\"search_term_string\"}}],\"inLanguage\":\"de\"},{\"@type\":\"Organization\",\"@id\":\"https:\\\/\\\/www.sirsa.ch\\\/de\\\/#organization\",\"name\":\"Service d'Intervention Rapide SA\",\"alternateName\":\"Service d'Intervention Rapide SA\",\"url\":\"https:\\\/\\\/www.sirsa.ch\\\/de\\\/\",\"logo\":{\"@type\":\"ImageObject\",\"inLanguage\":\"de\",\"@id\":\"https:\\\/\\\/www.sirsa.ch\\\/de\\\/#\\\/schema\\\/logo\\\/image\\\/\",\"url\":\"https:\\\/\\\/www.sirsa.ch\\\/wp-content\\\/uploads\\\/2025\\\/04\\\/cropped-sir-logo-1.png\",\"contentUrl\":\"https:\\\/\\\/www.sirsa.ch\\\/wp-content\\\/uploads\\\/2025\\\/04\\\/cropped-sir-logo-1.png\",\"width\":160,\"height\":160,\"caption\":\"Service d'Intervention Rapide SA\"},\"image\":{\"@id\":\"https:\\\/\\\/www.sirsa.ch\\\/de\\\/#\\\/schema\\\/logo\\\/image\\\/\"},\"sameAs\":[\"https:\\\/\\\/www.linkedin.com\\\/company\\\/serviceinterventionrapidesa\",\"https:\\\/\\\/www.youtube.com\\\/@sirdg5117\"],\"description\":\"Depuis 1978, le SIR fa\u00e7onne les standards de la s\u00e9curit\u00e9 en Suisse. Une expertise construite aux c\u00f4t\u00e9s de ceux que nous prot\u00e9geons.\",\"email\":\"secretariat@sirsa.ch\",\"telephone\":\"+41223644644\",\"legalName\":\"Service d'Int\u00e9rvention Rapide SA\",\"foundingDate\":\"1978-01-19\",\"numberOfEmployees\":{\"@type\":\"QuantitativeValue\",\"minValue\":\"201\",\"maxValue\":\"500\"}},{\"@type\":\"Person\",\"@id\":\"https:\\\/\\\/www.sirsa.ch\\\/de\\\/#\\\/schema\\\/person\\\/3abf136f39dfd930ba7da19c81a95458\",\"name\":\"SIR News\",\"image\":{\"@type\":\"ImageObject\",\"inLanguage\":\"de\",\"@id\":\"https:\\\/\\\/secure.gravatar.com\\\/avatar\\\/7d6c533cab8218a1387eb7dcc195aa64ef058acea8210d3997a18e9737564c6e?s=96&d=mm&r=g\",\"url\":\"https:\\\/\\\/secure.gravatar.com\\\/avatar\\\/7d6c533cab8218a1387eb7dcc195aa64ef058acea8210d3997a18e9737564c6e?s=96&d=mm&r=g\",\"contentUrl\":\"https:\\\/\\\/secure.gravatar.com\\\/avatar\\\/7d6c533cab8218a1387eb7dcc195aa64ef058acea8210d3997a18e9737564c6e?s=96&d=mm&r=g\",\"caption\":\"SIR News\"},\"url\":\"https:\\\/\\\/www.sirsa.ch\\\/de\\\/blog\\\/author\\\/sirnewssirsa-ch\\\/\"}]}<\/script>","yoast_head_json":{"title":"Nie zwei ohne drei: ein SIRSA-Erfolg - SIR - Service d\u2019Intervention Rapide SA","description":"3 Mal zum besten Arbeitgeber der Westschweiz gew\u00e4hlt: eine Anerkennung unseres Engagements f\u00fcr das Wohlbefinden unserer Teams.","robots":{"index":"index","follow":"follow","max-snippet":"max-snippet:-1","max-image-preview":"max-image-preview:large","max-video-preview":"max-video-preview:-1"},"canonical":"https:\/\/www.sirsa.ch\/de\/blog\/sir-ist-im-dritten-jahr-der-beste-arbeitgeber\/","og_locale":"de_DE","og_type":"article","og_title":"SIR ist im dritten Jahr der beste Arbeitgeber!","og_description":"3 Mal zum besten Arbeitgeber der Westschweiz gew\u00e4hlt: eine Anerkennung unseres Engagements f\u00fcr das Wohlbefinden unserer Teams.","og_url":"https:\/\/www.sirsa.ch\/de\/blog\/sir-ist-im-dritten-jahr-der-beste-arbeitgeber\/","og_site_name":"SIR - Service d\u2019Intervention Rapide SA","article_published_time":"2021-06-09T08:28:00+00:00","article_modified_time":"2025-06-25T08:47:08+00:00","og_image":[{"width":2560,"height":1440,"url":"https:\/\/www.sirsa.ch\/wp-content\/uploads\/2025\/05\/sirsa-jamais-deux-sans-trois.png","type":"image\/jpeg"}],"author":"SIR News","twitter_card":"summary_large_image","twitter_misc":{"Verfasst von":"SIR News","Gesch\u00e4tzte Lesezeit":"1\u00a0Minute"},"schema":{"@context":"https:\/\/schema.org","@graph":[{"@type":"Article","@id":"https:\/\/www.sirsa.ch\/de\/blog\/sir-ist-im-dritten-jahr-der-beste-arbeitgeber\/#article","isPartOf":{"@id":"https:\/\/www.sirsa.ch\/de\/blog\/sir-ist-im-dritten-jahr-der-beste-arbeitgeber\/"},"author":{"name":"SIR News","@id":"https:\/\/www.sirsa.ch\/de\/#\/schema\/person\/3abf136f39dfd930ba7da19c81a95458"},"headline":"SIR ist im dritten Jahr der beste Arbeitgeber!","datePublished":"2021-06-09T08:28:00+00:00","dateModified":"2025-06-25T08:47:08+00:00","mainEntityOfPage":{"@id":"https:\/\/www.sirsa.ch\/de\/blog\/sir-ist-im-dritten-jahr-der-beste-arbeitgeber\/"},"wordCount":8,"publisher":{"@id":"https:\/\/www.sirsa.ch\/de\/#organization"},"image":{"@id":"https:\/\/www.sirsa.ch\/de\/blog\/sir-ist-im-dritten-jahr-der-beste-arbeitgeber\/#primaryimage"},"thumbnailUrl":"https:\/\/www.sirsa.ch\/wp-content\/uploads\/2025\/05\/sirsa-jamais-deux-sans-trois.png","articleSection":["Nachrichten"],"inLanguage":"de"},{"@type":"WebPage","@id":"https:\/\/www.sirsa.ch\/de\/blog\/sir-ist-im-dritten-jahr-der-beste-arbeitgeber\/","url":"https:\/\/www.sirsa.ch\/de\/blog\/sir-ist-im-dritten-jahr-der-beste-arbeitgeber\/","name":"Nie zwei ohne drei: ein SIRSA-Erfolg - SIR - Service d\u2019Intervention Rapide SA","isPartOf":{"@id":"https:\/\/www.sirsa.ch\/de\/#website"},"primaryImageOfPage":{"@id":"https:\/\/www.sirsa.ch\/de\/blog\/sir-ist-im-dritten-jahr-der-beste-arbeitgeber\/#primaryimage"},"image":{"@id":"https:\/\/www.sirsa.ch\/de\/blog\/sir-ist-im-dritten-jahr-der-beste-arbeitgeber\/#primaryimage"},"thumbnailUrl":"https:\/\/www.sirsa.ch\/wp-content\/uploads\/2025\/05\/sirsa-jamais-deux-sans-trois.png","datePublished":"2021-06-09T08:28:00+00:00","dateModified":"2025-06-25T08:47:08+00:00","description":"3 Mal zum besten Arbeitgeber der Westschweiz gew\u00e4hlt: eine Anerkennung unseres Engagements f\u00fcr das Wohlbefinden unserer Teams.","breadcrumb":{"@id":"https:\/\/www.sirsa.ch\/de\/blog\/sir-ist-im-dritten-jahr-der-beste-arbeitgeber\/#breadcrumb"},"inLanguage":"de","potentialAction":[{"@type":"ReadAction","target":["https:\/\/www.sirsa.ch\/de\/blog\/sir-ist-im-dritten-jahr-der-beste-arbeitgeber\/"]}]},{"@type":"ImageObject","inLanguage":"de","@id":"https:\/\/www.sirsa.ch\/de\/blog\/sir-ist-im-dritten-jahr-der-beste-arbeitgeber\/#primaryimage","url":"https:\/\/www.sirsa.ch\/wp-content\/uploads\/2025\/05\/sirsa-jamais-deux-sans-trois.png","contentUrl":"https:\/\/www.sirsa.ch\/wp-content\/uploads\/2025\/05\/sirsa-jamais-deux-sans-trois.png","width":2560,"height":1440},{"@type":"BreadcrumbList","@id":"https:\/\/www.sirsa.ch\/de\/blog\/sir-ist-im-dritten-jahr-der-beste-arbeitgeber\/#breadcrumb","itemListElement":[{"@type":"ListItem","position":1,"name":"Home","item":"https:\/\/www.sirsa.ch\/de\/"},{"@type":"ListItem","position":2,"name":"SIR ist im dritten Jahr der beste Arbeitgeber!"}]},{"@type":"WebSite","@id":"https:\/\/www.sirsa.ch\/de\/#website","url":"https:\/\/www.sirsa.ch\/de\/","name":"Service d\u2019Intervention Rapide SA","description":"Plus de 45 ans d&#039;exp\u00e9rience dans la s\u00e9curit\u00e9 priv\u00e9e au service des particuliers et des entreprises","publisher":{"@id":"https:\/\/www.sirsa.ch\/de\/#organization"},"alternateName":"SIR SA - Service d\u2019Intervention Rapide SA","potentialAction":[{"@type":"SearchAction","target":{"@type":"EntryPoint","urlTemplate":"https:\/\/www.sirsa.ch\/de\/?s={search_term_string}"},"query-input":{"@type":"PropertyValueSpecification","valueRequired":true,"valueName":"search_term_string"}}],"inLanguage":"de"},{"@type":"Organization","@id":"https:\/\/www.sirsa.ch\/de\/#organization","name":"Service d'Intervention Rapide SA","alternateName":"Service d'Intervention Rapide SA","url":"https:\/\/www.sirsa.ch\/de\/","logo":{"@type":"ImageObject","inLanguage":"de","@id":"https:\/\/www.sirsa.ch\/de\/#\/schema\/logo\/image\/","url":"https:\/\/www.sirsa.ch\/wp-content\/uploads\/2025\/04\/cropped-sir-logo-1.png","contentUrl":"https:\/\/www.sirsa.ch\/wp-content\/uploads\/2025\/04\/cropped-sir-logo-1.png","width":160,"height":160,"caption":"Service d'Intervention Rapide SA"},"image":{"@id":"https:\/\/www.sirsa.ch\/de\/#\/schema\/logo\/image\/"},"sameAs":["https:\/\/www.linkedin.com\/company\/serviceinterventionrapidesa","https:\/\/www.youtube.com\/@sirdg5117"],"description":"Depuis 1978, le SIR fa\u00e7onne les standards de la s\u00e9curit\u00e9 en Suisse. Une expertise construite aux c\u00f4t\u00e9s de ceux que nous prot\u00e9geons.","email":"secretariat@sirsa.ch","telephone":"+41223644644","legalName":"Service d'Int\u00e9rvention Rapide SA","foundingDate":"1978-01-19","numberOfEmployees":{"@type":"QuantitativeValue","minValue":"201","maxValue":"500"}},{"@type":"Person","@id":"https:\/\/www.sirsa.ch\/de\/#\/schema\/person\/3abf136f39dfd930ba7da19c81a95458","name":"SIR News","image":{"@type":"ImageObject","inLanguage":"de","@id":"https:\/\/secure.gravatar.com\/avatar\/7d6c533cab8218a1387eb7dcc195aa64ef058acea8210d3997a18e9737564c6e?s=96&d=mm&r=g","url":"https:\/\/secure.gravatar.com\/avatar\/7d6c533cab8218a1387eb7dcc195aa64ef058acea8210d3997a18e9737564c6e?s=96&d=mm&r=g","contentUrl":"https:\/\/secure.gravatar.com\/avatar\/7d6c533cab8218a1387eb7dcc195aa64ef058acea8210d3997a18e9737564c6e?s=96&d=mm&r=g","caption":"SIR News"},"url":"https:\/\/www.sirsa.ch\/de\/blog\/author\/sirnewssirsa-ch\/"}]}},"_links":{"self":[{"href":"https:\/\/www.sirsa.ch\/de\/wp-json\/wp\/v2\/posts\/3054","targetHints":{"allow":["GET"]}}],"collection":[{"href":"https:\/\/www.sirsa.ch\/de\/wp-json\/wp\/v2\/posts"}],"about":[{"href":"https:\/\/www.sirsa.ch\/de\/wp-json\/wp\/v2\/types\/post"}],"author":[{"embeddable":true,"href":"https:\/\/www.sirsa.ch\/de\/wp-json\/wp\/v2\/users\/12"}],"replies":[{"embeddable":true,"href":"https:\/\/www.sirsa.ch\/de\/wp-json\/wp\/v2\/comments?post=3054"}],"version-history":[{"count":3,"href":"https:\/\/www.sirsa.ch\/de\/wp-json\/wp\/v2\/posts\/3054\/revisions"}],"predecessor-version":[{"id":3074,"href":"https:\/\/www.sirsa.ch\/de\/wp-json\/wp\/v2\/posts\/3054\/revisions\/3074"}],"wp:featuredmedia":[{"embeddable":true,"href":"https:\/\/www.sirsa.ch\/de\/wp-json\/wp\/v2\/media\/3055"}],"wp:attachment":[{"href":"https:\/\/www.sirsa.ch\/de\/wp-json\/wp\/v2\/media?parent=3054"}],"wp:term":[{"taxonomy":"category","embeddable":true,"href":"https:\/\/www.sirsa.ch\/de\/wp-json\/wp\/v2\/categories?post=3054"},{"taxonomy":"post_tag","embeddable":true,"href":"https:\/\/www.sirsa.ch\/de\/wp-json\/wp\/v2\/tags?post=3054"}],"curies":[{"name":"wp","href":"https:\/\/api.w.org\/{rel}","templated":true}]}}