{"id":3051,"date":"2022-08-01T08:20:00","date_gmt":"2022-08-01T08:20:00","guid":{"rendered":"https:\/\/www.sirsa.ch\/blog\/20-jahre-engagement-fuer-qualitaet-unser-integriertes-managementsystem\/"},"modified":"2025-06-30T06:33:43","modified_gmt":"2025-06-30T06:33:43","slug":"20-jahre-engagement-fuer-qualitaet-unser-integriertes-managementsystem","status":"publish","type":"post","link":"https:\/\/www.sirsa.ch\/de\/blog\/20-jahre-engagement-fuer-qualitaet-unser-integriertes-managementsystem\/","title":{"rendered":"20 Jahre Engagement f\u00fcr Qualit\u00e4t: unser integriertes Management&shy;system"},"content":{"rendered":"\n\n<section class=\"wp-block-acf-post-text\">\n    <div class=\"container\">\n        <div class=\"wp-block-acf-post-text__grid \">\n            <div class=\"wp-block-acf-post-text__col\">\n                                    <div class=\"wp-block-acf-post-text__side-content\">\n                            <div class=\"c-post-info\">\n        <div class=\"c-post-info__label\">\n            Article        <\/div>\n                            <div class=\"c-post-info__date\">\n                Date:\n                01 August 2022            <\/div>\n                            <div class=\"c-post-info__category\">\n                Nachrichten            <\/div>\n                    <\/div>\n                    <\/div>\n                            <\/div>\n            <div class=\"wp-block-acf-post-text__col\">\n                                    <div class=\"wp-block-acf-post-text__content c-wysiwyg has-post-info\">\n                        <p>Im Oktober 2001 unternahm die SIR AG einen entscheidenden Schritt in Richtung <strong>ISO-Zertifizierung<\/strong>. 20 Jahre sp\u00e4ter sind wir immer noch auf dem Weg in die Zukunft mit einem sich st\u00e4ndig weiterentwickelnden System, das bereichert, gest\u00e4rkt und modernisiert wird. <\/p>\n<p>In einem hart umk\u00e4mpften Sektor erm\u00f6glicht uns diese strategische Entscheidung, unseren Willen zu unterstreichen, uns von unseren Konkurrenten zu unterscheiden, indem wir uns als Referenzakteure im Bereich der privaten Sicherheit positionieren. SIR SA ist f\u00fcr seine hohen <strong>Anforderungen<\/strong>, seine Diskretion und seine Strenge bekannt und strebt st\u00e4ndig danach, starke Werte zu verk\u00f6rpern, die von seinen Mitarbeitern getragen und durch sein <strong>integriertes Managementsystem (IMS)<\/strong> konsolidiert werden. <\/p>\n                    <\/div>\n                                \n                <\/div>\n        <\/div>\n    <\/div>\n<\/section>\n\n\n\n<section class=\"wp-block-acf-post-text\">\n    <div class=\"container\">\n        <div class=\"wp-block-acf-post-text__grid \">\n            <div class=\"wp-block-acf-post-text__col\">\n                            <\/div>\n            <div class=\"wp-block-acf-post-text__col\">\n                                    <div class=\"wp-block-acf-post-text__content c-wysiwyg \">\n                        <p>Aus diesem Grund verk\u00f6rpert unser Integriertes Management System (IMS) seit mehr als zwei Jahrzehnten einen <strong>strukturierten Rahmen<\/strong>, in dem jeder Prozess, jede Entscheidung und jede Handlung auf :<\/p>\n<ul>\n<li>Strenge gesetzliche und regulatorische Anforderungen ;<\/li>\n<li>Eine klare Organisation, die sich an Qualit\u00e4t und Ergebnissen f\u00fcr unsere Kunden orientiert;<\/li>\n<\/ul>\n<p>Eine transversale Steuerung zwischen den Teams vor Ort und den Unterst\u00fctzungsdiensten<\/p>\n                    <\/div>\n                                \n                <\/div>\n        <\/div>\n    <\/div>\n<\/section>\n\n\n\n<section class=\"light-gray-bg wp-block-acf-text-banner\">\n    <div class=\"container\">\n                                    <h1 class=\"wp-block-acf-text-banner__title wp-block-acf-text-banner__title--js inherit\">20 Jahre Strenge und Innovation im Dienste der Qualit\u00e4t<\/h1>\n                            <div class=\"wp-block-acf-text-banner__main-description\"><p>Seit zwei Jahrzehnten strukturiert SIR SA seine Exzellenz um ein zertifiziertes, entwicklungsf\u00e4higes System, das sich auf Leistung und Kundenzufriedenheit konzentriert.<\/p>\n<\/div>\n                                <!--  -->\n                                        <\/div>\n<\/section>\n\n\n\n<section class=\"wp-block-acf-post-text\">\n    <div class=\"container\">\n        <div class=\"wp-block-acf-post-text__grid \">\n            <div class=\"wp-block-acf-post-text__col\">\n                            <\/div>\n            <div class=\"wp-block-acf-post-text__col\">\n                                    <div class=\"wp-block-acf-post-text__content c-wysiwyg \">\n                        <p>Diese Verpflichtung veranlasst uns, regelm\u00e4\u00dfig alle unsere Prozesse zu \u00fcberdenken, unsere Bem\u00fchungen zwischen Verwaltung und operativen Abteilungen zu koordinieren und die Bed\u00fcrfnisse unserer Kunden zu antizipieren.<\/p>\n<p>Bei SIR ist die Einhaltung von Standards mehr als eine Pflicht; sie ist eine Arbeitsphilosophie, die von unseren Mitarbeitern gesch\u00e4tzt wird.<\/p>\n                    <\/div>\n                                \n                <\/div>\n        <\/div>\n    <\/div>\n<\/section>\n\n\n\n<section class=\"light-bg pb-none wp-block-acf-text-banner\">\n    <div class=\"container\">\n                            <span class=\"wp-block-acf-text-banner__label\">Sehen Sie auch<\/span>\n                            <h1 class=\"wp-block-acf-text-banner__title wp-block-acf-text-banner__title--js inherit\">Artikel, die Sie interessieren k\u00f6nnten<\/h1>\n                                        <!--  -->\n                                        <\/div>\n<\/section>\n\n\n\n<section class=\"wp-block-acf-related-posts\">\n    <div class=\"container\">\n        <div class=\"wp-block-acf-related-posts__intro\">\n                                <\/div>\n                    <div class=\"wp-block-acf-related-posts__cards\">\n                                                                                                                                                                        <div class=\"wp-block-acf-related-posts__cards-item\">\n                                <div class=\"wp-block-acf-related-posts__cards-item-image\">\n                                    <img decoding=\"async\" width=\"1920\" height=\"1080\" src=\"https:\/\/www.sirsa.ch\/wp-content\/uploads\/2025\/05\/sirsa-accueil-1.png\" class=\"attachment-full size-full\" alt=\"\" srcset=\"https:\/\/www.sirsa.ch\/wp-content\/uploads\/2025\/05\/sirsa-accueil-1.png 1920w, https:\/\/www.sirsa.ch\/wp-content\/uploads\/2025\/05\/sirsa-accueil-1-300x169.png 300w, https:\/\/www.sirsa.ch\/wp-content\/uploads\/2025\/05\/sirsa-accueil-1-1024x576.png 1024w, https:\/\/www.sirsa.ch\/wp-content\/uploads\/2025\/05\/sirsa-accueil-1-768x432.png 768w, https:\/\/www.sirsa.ch\/wp-content\/uploads\/2025\/05\/sirsa-accueil-1-1536x864.png 1536w\" sizes=\"(max-width: 1920px) 100vw, 1920px\" \/>                                <\/div>\n                            <\/div>\n                                                                                                                                                                                                    <div class=\"wp-block-acf-related-posts__cards-item\">\n                                    \n\n<a href=\"https:\/\/www.sirsa.ch\/de\/blog\/polizeiliche-kriminalitaetsstatistik-2024-in-der-schweiz\/\" class=\"c-post-card\">\n    <div class=\"c-post-card__box\">\n                    <span class=\"c-post-card__category\">\n                Nachrichten            <\/span>\n                <div class=\"c-post-card__top\">\n                            <div class=\"c-post-card__thumb\">\n                    <img decoding=\"async\" width=\"1166\" height=\"662\" src=\"https:\/\/www.sirsa.ch\/wp-content\/uploads\/2025\/03\/Screenshot-2025-05-15-at-15.24.13.png\" class=\"attachment-full size-full wp-post-image\" alt=\"\" srcset=\"https:\/\/www.sirsa.ch\/wp-content\/uploads\/2025\/03\/Screenshot-2025-05-15-at-15.24.13.png 1166w, https:\/\/www.sirsa.ch\/wp-content\/uploads\/2025\/03\/Screenshot-2025-05-15-at-15.24.13-300x170.png 300w, https:\/\/www.sirsa.ch\/wp-content\/uploads\/2025\/03\/Screenshot-2025-05-15-at-15.24.13-1024x581.png 1024w, https:\/\/www.sirsa.ch\/wp-content\/uploads\/2025\/03\/Screenshot-2025-05-15-at-15.24.13-768x436.png 768w\" sizes=\"(max-width: 1166px) 100vw, 1166px\" \/>                <\/div>\n                    <\/div>\n        <div class=\"c-post-card__text\">\n            <div class=\"c-post-card__date\">\n                03 M\u00e4rz 2025            <\/div>\n            <h5 class=\"c-post-card__title\">\n                Polizeiliche Kriminal&shy;it\u00e4tsstatistik 2024 in der Schweiz            <\/h5>\n                            <div class=\"c-post-card__excerpt\">\n                    <p>Im Jahr 2024 steigt die Kriminalit\u00e4t in der Schweiz an, angetrieben von digitalen und Verm\u00f6gensdelikten, mit deutlichen Unterschieden zwischen den Kantonen.<\/p>\n                <\/div>\n                    <\/div>\n    <\/div>\n<\/a>                                <\/div>\n                                                                                                                                                                                                                                                                <div class=\"wp-block-acf-related-posts__cards-item\">\n                                    \n\n<a href=\"https:\/\/www.sirsa.ch\/de\/blog\/cyberkriminalitaet-ein-thema-das-uns-alle-betrifft\/\" class=\"c-post-card\">\n    <div class=\"c-post-card__box\">\n                    <span class=\"c-post-card__category\">\n                Nachrichten            <\/span>\n                <div class=\"c-post-card__top\">\n                            <div class=\"c-post-card__thumb\">\n                    <img decoding=\"async\" width=\"2560\" height=\"1691\" src=\"https:\/\/www.sirsa.ch\/wp-content\/uploads\/2025\/05\/SIR-la-cibercriminalite-scaled.jpg\" class=\"attachment-full size-full wp-post-image\" alt=\"\" srcset=\"https:\/\/www.sirsa.ch\/wp-content\/uploads\/2025\/05\/SIR-la-cibercriminalite-scaled.jpg 2560w, https:\/\/www.sirsa.ch\/wp-content\/uploads\/2025\/05\/SIR-la-cibercriminalite-300x198.jpg 300w, https:\/\/www.sirsa.ch\/wp-content\/uploads\/2025\/05\/SIR-la-cibercriminalite-1024x677.jpg 1024w, https:\/\/www.sirsa.ch\/wp-content\/uploads\/2025\/05\/SIR-la-cibercriminalite-768x507.jpg 768w, https:\/\/www.sirsa.ch\/wp-content\/uploads\/2025\/05\/SIR-la-cibercriminalite-1536x1015.jpg 1536w, https:\/\/www.sirsa.ch\/wp-content\/uploads\/2025\/05\/SIR-la-cibercriminalite-2048x1353.jpg 2048w\" sizes=\"(max-width: 2560px) 100vw, 2560px\" \/>                <\/div>\n                    <\/div>\n        <div class=\"c-post-card__text\">\n            <div class=\"c-post-card__date\">\n                09 Dezember 2022            <\/div>\n            <h5 class=\"c-post-card__title\">\n                Cyber&shy;kriminalit\u00e4t: ein Thema, das uns alle betrifft!            <\/h5>\n                            <div class=\"c-post-card__excerpt\">\n                    <p>Im digitalen Zeitalter macht der CRS die Cybersicherheit zu einer Priorit\u00e4t, indem er klare Ratschl\u00e4ge f\u00fcr einen wirksamen Schutz erteilt.<\/p>\n                <\/div>\n                    <\/div>\n    <\/div>\n<\/a>                                <\/div>\n                                                                                                                                    <\/div>\n            <\/div>\n<\/section>","protected":false},"excerpt":{"rendered":"<p>Seit mehr als 20 Jahren st\u00fctzt sich SIR auf ein ISO-zertifiziertes integriertes Managementsystem, das Qualit\u00e4t, Innovation und Strenge im Dienste der privaten Sicherheit garantiert.<\/p>\n","protected":false},"author":12,"featured_media":3052,"comment_status":"closed","ping_status":"closed","sticky":false,"template":"","format":"standard","meta":{"_acf_changed":false,"footnotes":""},"categories":[55],"tags":[],"class_list":["post-3051","post","type-post","status-publish","format-standard","has-post-thumbnail","hentry","category-nachrichten"],"acf":[],"yoast_head":"<title>20 Jahre Qualit\u00e4tsverpflichtung bei SIRSA - SIR - Service d\u2019Intervention Rapide SA<\/title>\n<meta name=\"description\" content=\"Ein R\u00fcckblick auf zwei Jahrzehnte Qualit\u00e4tsmanagement mit unserem integrierten Managementsystem.\" \/>\n<meta name=\"robots\" content=\"index, follow, max-snippet:-1, max-image-preview:large, max-video-preview:-1\" \/>\n<link rel=\"canonical\" href=\"https:\/\/www.sirsa.ch\/de\/blog\/20-jahre-engagement-fuer-qualitaet-unser-integriertes-managementsystem\/\" \/>\n<meta property=\"og:locale\" content=\"de_DE\" \/>\n<meta property=\"og:type\" content=\"article\" \/>\n<meta property=\"og:title\" content=\"20 Jahre Engagement f\u00fcr Qualit\u00e4t: unser integriertes Management&shy;system\" \/>\n<meta property=\"og:description\" content=\"Ein R\u00fcckblick auf zwei Jahrzehnte Qualit\u00e4tsmanagement mit unserem integrierten Managementsystem.\" \/>\n<meta property=\"og:url\" content=\"https:\/\/www.sirsa.ch\/de\/blog\/20-jahre-engagement-fuer-qualitaet-unser-integriertes-managementsystem\/\" \/>\n<meta property=\"og:site_name\" content=\"SIR - Service d\u2019Intervention Rapide SA\" \/>\n<meta property=\"article:published_time\" content=\"2022-08-01T08:20:00+00:00\" \/>\n<meta property=\"article:modified_time\" content=\"2025-06-30T06:33:43+00:00\" \/>\n<meta property=\"og:image\" content=\"https:\/\/www.sirsa.ch\/wp-content\/uploads\/2025\/05\/SIR-20-ans-engagement-scaled.jpg\" \/>\n\t<meta property=\"og:image:width\" content=\"2560\" \/>\n\t<meta property=\"og:image:height\" content=\"1440\" \/>\n\t<meta property=\"og:image:type\" content=\"image\/jpeg\" \/>\n<meta name=\"author\" content=\"SIR News\" \/>\n<meta name=\"twitter:card\" content=\"summary_large_image\" \/>\n<meta name=\"twitter:label1\" content=\"Verfasst von\" \/>\n\t<meta name=\"twitter:data1\" content=\"SIR News\" \/>\n\t<meta name=\"twitter:label2\" content=\"Gesch\u00e4tzte Lesezeit\" \/>\n\t<meta name=\"twitter:data2\" content=\"1\u00a0Minute\" \/>\n<script type=\"application\/ld+json\" class=\"yoast-schema-graph\">{\"@context\":\"https:\\\/\\\/schema.org\",\"@graph\":[{\"@type\":\"Article\",\"@id\":\"https:\\\/\\\/www.sirsa.ch\\\/de\\\/blog\\\/20-jahre-engagement-fuer-qualitaet-unser-integriertes-managementsystem\\\/#article\",\"isPartOf\":{\"@id\":\"https:\\\/\\\/www.sirsa.ch\\\/de\\\/blog\\\/20-jahre-engagement-fuer-qualitaet-unser-integriertes-managementsystem\\\/\"},\"author\":{\"name\":\"SIR News\",\"@id\":\"https:\\\/\\\/www.sirsa.ch\\\/de\\\/#\\\/schema\\\/person\\\/3abf136f39dfd930ba7da19c81a95458\"},\"headline\":\"20 Jahre Engagement f\u00fcr Qualit\u00e4t: unser integriertes Management&shy;system\",\"datePublished\":\"2022-08-01T08:20:00+00:00\",\"dateModified\":\"2025-06-30T06:33:43+00:00\",\"mainEntityOfPage\":{\"@id\":\"https:\\\/\\\/www.sirsa.ch\\\/de\\\/blog\\\/20-jahre-engagement-fuer-qualitaet-unser-integriertes-managementsystem\\\/\"},\"wordCount\":11,\"publisher\":{\"@id\":\"https:\\\/\\\/www.sirsa.ch\\\/de\\\/#organization\"},\"image\":{\"@id\":\"https:\\\/\\\/www.sirsa.ch\\\/de\\\/blog\\\/20-jahre-engagement-fuer-qualitaet-unser-integriertes-managementsystem\\\/#primaryimage\"},\"thumbnailUrl\":\"https:\\\/\\\/www.sirsa.ch\\\/wp-content\\\/uploads\\\/2025\\\/05\\\/SIR-20-ans-engagement-scaled.jpg\",\"articleSection\":[\"Nachrichten\"],\"inLanguage\":\"de\"},{\"@type\":\"WebPage\",\"@id\":\"https:\\\/\\\/www.sirsa.ch\\\/de\\\/blog\\\/20-jahre-engagement-fuer-qualitaet-unser-integriertes-managementsystem\\\/\",\"url\":\"https:\\\/\\\/www.sirsa.ch\\\/de\\\/blog\\\/20-jahre-engagement-fuer-qualitaet-unser-integriertes-managementsystem\\\/\",\"name\":\"20 Jahre Qualit\u00e4tsverpflichtung bei SIRSA - SIR - Service d\u2019Intervention Rapide SA\",\"isPartOf\":{\"@id\":\"https:\\\/\\\/www.sirsa.ch\\\/de\\\/#website\"},\"primaryImageOfPage\":{\"@id\":\"https:\\\/\\\/www.sirsa.ch\\\/de\\\/blog\\\/20-jahre-engagement-fuer-qualitaet-unser-integriertes-managementsystem\\\/#primaryimage\"},\"image\":{\"@id\":\"https:\\\/\\\/www.sirsa.ch\\\/de\\\/blog\\\/20-jahre-engagement-fuer-qualitaet-unser-integriertes-managementsystem\\\/#primaryimage\"},\"thumbnailUrl\":\"https:\\\/\\\/www.sirsa.ch\\\/wp-content\\\/uploads\\\/2025\\\/05\\\/SIR-20-ans-engagement-scaled.jpg\",\"datePublished\":\"2022-08-01T08:20:00+00:00\",\"dateModified\":\"2025-06-30T06:33:43+00:00\",\"description\":\"Ein R\u00fcckblick auf zwei Jahrzehnte Qualit\u00e4tsmanagement mit unserem integrierten Managementsystem.\",\"breadcrumb\":{\"@id\":\"https:\\\/\\\/www.sirsa.ch\\\/de\\\/blog\\\/20-jahre-engagement-fuer-qualitaet-unser-integriertes-managementsystem\\\/#breadcrumb\"},\"inLanguage\":\"de\",\"potentialAction\":[{\"@type\":\"ReadAction\",\"target\":[\"https:\\\/\\\/www.sirsa.ch\\\/de\\\/blog\\\/20-jahre-engagement-fuer-qualitaet-unser-integriertes-managementsystem\\\/\"]}]},{\"@type\":\"ImageObject\",\"inLanguage\":\"de\",\"@id\":\"https:\\\/\\\/www.sirsa.ch\\\/de\\\/blog\\\/20-jahre-engagement-fuer-qualitaet-unser-integriertes-managementsystem\\\/#primaryimage\",\"url\":\"https:\\\/\\\/www.sirsa.ch\\\/wp-content\\\/uploads\\\/2025\\\/05\\\/SIR-20-ans-engagement-scaled.jpg\",\"contentUrl\":\"https:\\\/\\\/www.sirsa.ch\\\/wp-content\\\/uploads\\\/2025\\\/05\\\/SIR-20-ans-engagement-scaled.jpg\",\"width\":2560,\"height\":1440},{\"@type\":\"BreadcrumbList\",\"@id\":\"https:\\\/\\\/www.sirsa.ch\\\/de\\\/blog\\\/20-jahre-engagement-fuer-qualitaet-unser-integriertes-managementsystem\\\/#breadcrumb\",\"itemListElement\":[{\"@type\":\"ListItem\",\"position\":1,\"name\":\"Home\",\"item\":\"https:\\\/\\\/www.sirsa.ch\\\/de\\\/\"},{\"@type\":\"ListItem\",\"position\":2,\"name\":\"20 Jahre Engagement f\u00fcr Qualit\u00e4t: unser integriertes Management&shy;system\"}]},{\"@type\":\"WebSite\",\"@id\":\"https:\\\/\\\/www.sirsa.ch\\\/de\\\/#website\",\"url\":\"https:\\\/\\\/www.sirsa.ch\\\/de\\\/\",\"name\":\"Service d\u2019Intervention Rapide SA\",\"description\":\"Plus de 45 ans d&#039;exp\u00e9rience dans la s\u00e9curit\u00e9 priv\u00e9e au service des particuliers et des entreprises\",\"publisher\":{\"@id\":\"https:\\\/\\\/www.sirsa.ch\\\/de\\\/#organization\"},\"alternateName\":\"SIR SA - Service d\u2019Intervention Rapide SA\",\"potentialAction\":[{\"@type\":\"SearchAction\",\"target\":{\"@type\":\"EntryPoint\",\"urlTemplate\":\"https:\\\/\\\/www.sirsa.ch\\\/de\\\/?s={search_term_string}\"},\"query-input\":{\"@type\":\"PropertyValueSpecification\",\"valueRequired\":true,\"valueName\":\"search_term_string\"}}],\"inLanguage\":\"de\"},{\"@type\":\"Organization\",\"@id\":\"https:\\\/\\\/www.sirsa.ch\\\/de\\\/#organization\",\"name\":\"Service d'Intervention Rapide SA\",\"alternateName\":\"Service d'Intervention Rapide SA\",\"url\":\"https:\\\/\\\/www.sirsa.ch\\\/de\\\/\",\"logo\":{\"@type\":\"ImageObject\",\"inLanguage\":\"de\",\"@id\":\"https:\\\/\\\/www.sirsa.ch\\\/de\\\/#\\\/schema\\\/logo\\\/image\\\/\",\"url\":\"https:\\\/\\\/www.sirsa.ch\\\/wp-content\\\/uploads\\\/2025\\\/04\\\/cropped-sir-logo-1.png\",\"contentUrl\":\"https:\\\/\\\/www.sirsa.ch\\\/wp-content\\\/uploads\\\/2025\\\/04\\\/cropped-sir-logo-1.png\",\"width\":160,\"height\":160,\"caption\":\"Service d'Intervention Rapide SA\"},\"image\":{\"@id\":\"https:\\\/\\\/www.sirsa.ch\\\/de\\\/#\\\/schema\\\/logo\\\/image\\\/\"},\"sameAs\":[\"https:\\\/\\\/www.linkedin.com\\\/company\\\/serviceinterventionrapidesa\",\"https:\\\/\\\/www.youtube.com\\\/@sirdg5117\"],\"description\":\"Depuis 1978, le SIR fa\u00e7onne les standards de la s\u00e9curit\u00e9 en Suisse. Une expertise construite aux c\u00f4t\u00e9s de ceux que nous prot\u00e9geons.\",\"email\":\"secretariat@sirsa.ch\",\"telephone\":\"+41223644644\",\"legalName\":\"Service d'Int\u00e9rvention Rapide SA\",\"foundingDate\":\"1978-01-19\",\"numberOfEmployees\":{\"@type\":\"QuantitativeValue\",\"minValue\":\"201\",\"maxValue\":\"500\"}},{\"@type\":\"Person\",\"@id\":\"https:\\\/\\\/www.sirsa.ch\\\/de\\\/#\\\/schema\\\/person\\\/3abf136f39dfd930ba7da19c81a95458\",\"name\":\"SIR News\",\"image\":{\"@type\":\"ImageObject\",\"inLanguage\":\"de\",\"@id\":\"https:\\\/\\\/secure.gravatar.com\\\/avatar\\\/7d6c533cab8218a1387eb7dcc195aa64ef058acea8210d3997a18e9737564c6e?s=96&d=mm&r=g\",\"url\":\"https:\\\/\\\/secure.gravatar.com\\\/avatar\\\/7d6c533cab8218a1387eb7dcc195aa64ef058acea8210d3997a18e9737564c6e?s=96&d=mm&r=g\",\"contentUrl\":\"https:\\\/\\\/secure.gravatar.com\\\/avatar\\\/7d6c533cab8218a1387eb7dcc195aa64ef058acea8210d3997a18e9737564c6e?s=96&d=mm&r=g\",\"caption\":\"SIR News\"},\"url\":\"https:\\\/\\\/www.sirsa.ch\\\/de\\\/blog\\\/author\\\/sirnewssirsa-ch\\\/\"}]}<\/script>","yoast_head_json":{"title":"20 Jahre Qualit\u00e4tsverpflichtung bei SIRSA - SIR - Service d\u2019Intervention Rapide SA","description":"Ein R\u00fcckblick auf zwei Jahrzehnte Qualit\u00e4tsmanagement mit unserem integrierten Managementsystem.","robots":{"index":"index","follow":"follow","max-snippet":"max-snippet:-1","max-image-preview":"max-image-preview:large","max-video-preview":"max-video-preview:-1"},"canonical":"https:\/\/www.sirsa.ch\/de\/blog\/20-jahre-engagement-fuer-qualitaet-unser-integriertes-managementsystem\/","og_locale":"de_DE","og_type":"article","og_title":"20 Jahre Engagement f\u00fcr Qualit\u00e4t: unser integriertes Management&shy;system","og_description":"Ein R\u00fcckblick auf zwei Jahrzehnte Qualit\u00e4tsmanagement mit unserem integrierten Managementsystem.","og_url":"https:\/\/www.sirsa.ch\/de\/blog\/20-jahre-engagement-fuer-qualitaet-unser-integriertes-managementsystem\/","og_site_name":"SIR - Service d\u2019Intervention Rapide SA","article_published_time":"2022-08-01T08:20:00+00:00","article_modified_time":"2025-06-30T06:33:43+00:00","og_image":[{"width":2560,"height":1440,"url":"https:\/\/www.sirsa.ch\/wp-content\/uploads\/2025\/05\/SIR-20-ans-engagement-scaled.jpg","type":"image\/jpeg"}],"author":"SIR News","twitter_card":"summary_large_image","twitter_misc":{"Verfasst von":"SIR News","Gesch\u00e4tzte Lesezeit":"1\u00a0Minute"},"schema":{"@context":"https:\/\/schema.org","@graph":[{"@type":"Article","@id":"https:\/\/www.sirsa.ch\/de\/blog\/20-jahre-engagement-fuer-qualitaet-unser-integriertes-managementsystem\/#article","isPartOf":{"@id":"https:\/\/www.sirsa.ch\/de\/blog\/20-jahre-engagement-fuer-qualitaet-unser-integriertes-managementsystem\/"},"author":{"name":"SIR News","@id":"https:\/\/www.sirsa.ch\/de\/#\/schema\/person\/3abf136f39dfd930ba7da19c81a95458"},"headline":"20 Jahre Engagement f\u00fcr Qualit\u00e4t: unser integriertes Management&shy;system","datePublished":"2022-08-01T08:20:00+00:00","dateModified":"2025-06-30T06:33:43+00:00","mainEntityOfPage":{"@id":"https:\/\/www.sirsa.ch\/de\/blog\/20-jahre-engagement-fuer-qualitaet-unser-integriertes-managementsystem\/"},"wordCount":11,"publisher":{"@id":"https:\/\/www.sirsa.ch\/de\/#organization"},"image":{"@id":"https:\/\/www.sirsa.ch\/de\/blog\/20-jahre-engagement-fuer-qualitaet-unser-integriertes-managementsystem\/#primaryimage"},"thumbnailUrl":"https:\/\/www.sirsa.ch\/wp-content\/uploads\/2025\/05\/SIR-20-ans-engagement-scaled.jpg","articleSection":["Nachrichten"],"inLanguage":"de"},{"@type":"WebPage","@id":"https:\/\/www.sirsa.ch\/de\/blog\/20-jahre-engagement-fuer-qualitaet-unser-integriertes-managementsystem\/","url":"https:\/\/www.sirsa.ch\/de\/blog\/20-jahre-engagement-fuer-qualitaet-unser-integriertes-managementsystem\/","name":"20 Jahre Qualit\u00e4tsverpflichtung bei SIRSA - SIR - Service d\u2019Intervention Rapide SA","isPartOf":{"@id":"https:\/\/www.sirsa.ch\/de\/#website"},"primaryImageOfPage":{"@id":"https:\/\/www.sirsa.ch\/de\/blog\/20-jahre-engagement-fuer-qualitaet-unser-integriertes-managementsystem\/#primaryimage"},"image":{"@id":"https:\/\/www.sirsa.ch\/de\/blog\/20-jahre-engagement-fuer-qualitaet-unser-integriertes-managementsystem\/#primaryimage"},"thumbnailUrl":"https:\/\/www.sirsa.ch\/wp-content\/uploads\/2025\/05\/SIR-20-ans-engagement-scaled.jpg","datePublished":"2022-08-01T08:20:00+00:00","dateModified":"2025-06-30T06:33:43+00:00","description":"Ein R\u00fcckblick auf zwei Jahrzehnte Qualit\u00e4tsmanagement mit unserem integrierten Managementsystem.","breadcrumb":{"@id":"https:\/\/www.sirsa.ch\/de\/blog\/20-jahre-engagement-fuer-qualitaet-unser-integriertes-managementsystem\/#breadcrumb"},"inLanguage":"de","potentialAction":[{"@type":"ReadAction","target":["https:\/\/www.sirsa.ch\/de\/blog\/20-jahre-engagement-fuer-qualitaet-unser-integriertes-managementsystem\/"]}]},{"@type":"ImageObject","inLanguage":"de","@id":"https:\/\/www.sirsa.ch\/de\/blog\/20-jahre-engagement-fuer-qualitaet-unser-integriertes-managementsystem\/#primaryimage","url":"https:\/\/www.sirsa.ch\/wp-content\/uploads\/2025\/05\/SIR-20-ans-engagement-scaled.jpg","contentUrl":"https:\/\/www.sirsa.ch\/wp-content\/uploads\/2025\/05\/SIR-20-ans-engagement-scaled.jpg","width":2560,"height":1440},{"@type":"BreadcrumbList","@id":"https:\/\/www.sirsa.ch\/de\/blog\/20-jahre-engagement-fuer-qualitaet-unser-integriertes-managementsystem\/#breadcrumb","itemListElement":[{"@type":"ListItem","position":1,"name":"Home","item":"https:\/\/www.sirsa.ch\/de\/"},{"@type":"ListItem","position":2,"name":"20 Jahre Engagement f\u00fcr Qualit\u00e4t: unser integriertes Management&shy;system"}]},{"@type":"WebSite","@id":"https:\/\/www.sirsa.ch\/de\/#website","url":"https:\/\/www.sirsa.ch\/de\/","name":"Service d\u2019Intervention Rapide SA","description":"Plus de 45 ans d&#039;exp\u00e9rience dans la s\u00e9curit\u00e9 priv\u00e9e au service des particuliers et des entreprises","publisher":{"@id":"https:\/\/www.sirsa.ch\/de\/#organization"},"alternateName":"SIR SA - Service d\u2019Intervention Rapide SA","potentialAction":[{"@type":"SearchAction","target":{"@type":"EntryPoint","urlTemplate":"https:\/\/www.sirsa.ch\/de\/?s={search_term_string}"},"query-input":{"@type":"PropertyValueSpecification","valueRequired":true,"valueName":"search_term_string"}}],"inLanguage":"de"},{"@type":"Organization","@id":"https:\/\/www.sirsa.ch\/de\/#organization","name":"Service d'Intervention Rapide SA","alternateName":"Service d'Intervention Rapide SA","url":"https:\/\/www.sirsa.ch\/de\/","logo":{"@type":"ImageObject","inLanguage":"de","@id":"https:\/\/www.sirsa.ch\/de\/#\/schema\/logo\/image\/","url":"https:\/\/www.sirsa.ch\/wp-content\/uploads\/2025\/04\/cropped-sir-logo-1.png","contentUrl":"https:\/\/www.sirsa.ch\/wp-content\/uploads\/2025\/04\/cropped-sir-logo-1.png","width":160,"height":160,"caption":"Service d'Intervention Rapide SA"},"image":{"@id":"https:\/\/www.sirsa.ch\/de\/#\/schema\/logo\/image\/"},"sameAs":["https:\/\/www.linkedin.com\/company\/serviceinterventionrapidesa","https:\/\/www.youtube.com\/@sirdg5117"],"description":"Depuis 1978, le SIR fa\u00e7onne les standards de la s\u00e9curit\u00e9 en Suisse. Une expertise construite aux c\u00f4t\u00e9s de ceux que nous prot\u00e9geons.","email":"secretariat@sirsa.ch","telephone":"+41223644644","legalName":"Service d'Int\u00e9rvention Rapide SA","foundingDate":"1978-01-19","numberOfEmployees":{"@type":"QuantitativeValue","minValue":"201","maxValue":"500"}},{"@type":"Person","@id":"https:\/\/www.sirsa.ch\/de\/#\/schema\/person\/3abf136f39dfd930ba7da19c81a95458","name":"SIR News","image":{"@type":"ImageObject","inLanguage":"de","@id":"https:\/\/secure.gravatar.com\/avatar\/7d6c533cab8218a1387eb7dcc195aa64ef058acea8210d3997a18e9737564c6e?s=96&d=mm&r=g","url":"https:\/\/secure.gravatar.com\/avatar\/7d6c533cab8218a1387eb7dcc195aa64ef058acea8210d3997a18e9737564c6e?s=96&d=mm&r=g","contentUrl":"https:\/\/secure.gravatar.com\/avatar\/7d6c533cab8218a1387eb7dcc195aa64ef058acea8210d3997a18e9737564c6e?s=96&d=mm&r=g","caption":"SIR News"},"url":"https:\/\/www.sirsa.ch\/de\/blog\/author\/sirnewssirsa-ch\/"}]}},"_links":{"self":[{"href":"https:\/\/www.sirsa.ch\/de\/wp-json\/wp\/v2\/posts\/3051","targetHints":{"allow":["GET"]}}],"collection":[{"href":"https:\/\/www.sirsa.ch\/de\/wp-json\/wp\/v2\/posts"}],"about":[{"href":"https:\/\/www.sirsa.ch\/de\/wp-json\/wp\/v2\/types\/post"}],"author":[{"embeddable":true,"href":"https:\/\/www.sirsa.ch\/de\/wp-json\/wp\/v2\/users\/12"}],"replies":[{"embeddable":true,"href":"https:\/\/www.sirsa.ch\/de\/wp-json\/wp\/v2\/comments?post=3051"}],"version-history":[{"count":3,"href":"https:\/\/www.sirsa.ch\/de\/wp-json\/wp\/v2\/posts\/3051\/revisions"}],"predecessor-version":[{"id":3571,"href":"https:\/\/www.sirsa.ch\/de\/wp-json\/wp\/v2\/posts\/3051\/revisions\/3571"}],"wp:featuredmedia":[{"embeddable":true,"href":"https:\/\/www.sirsa.ch\/de\/wp-json\/wp\/v2\/media\/3052"}],"wp:attachment":[{"href":"https:\/\/www.sirsa.ch\/de\/wp-json\/wp\/v2\/media?parent=3051"}],"wp:term":[{"taxonomy":"category","embeddable":true,"href":"https:\/\/www.sirsa.ch\/de\/wp-json\/wp\/v2\/categories?post=3051"},{"taxonomy":"post_tag","embeddable":true,"href":"https:\/\/www.sirsa.ch\/de\/wp-json\/wp\/v2\/tags?post=3051"}],"curies":[{"name":"wp","href":"https:\/\/api.w.org\/{rel}","templated":true}]}}