{"id":3048,"date":"2022-12-09T08:24:00","date_gmt":"2022-12-09T08:24:00","guid":{"rendered":"https:\/\/www.sirsa.ch\/blog\/cyberkriminalitaet-ein-thema-das-uns-alle-betrifft\/"},"modified":"2025-06-30T06:32:39","modified_gmt":"2025-06-30T06:32:39","slug":"cyberkriminalitaet-ein-thema-das-uns-alle-betrifft","status":"publish","type":"post","link":"https:\/\/www.sirsa.ch\/de\/blog\/cyberkriminalitaet-ein-thema-das-uns-alle-betrifft\/","title":{"rendered":"Cyber&shy;kriminalit\u00e4t: ein Thema, das uns alle betrifft!"},"content":{"rendered":"\n\n<section class=\"wp-block-acf-post-text\">\n    <div class=\"container\">\n        <div class=\"wp-block-acf-post-text__grid \">\n            <div class=\"wp-block-acf-post-text__col\">\n                                    <div class=\"wp-block-acf-post-text__side-content\">\n                            <div class=\"c-post-info\">\n        <div class=\"c-post-info__label\">\n            Article        <\/div>\n                            <div class=\"c-post-info__date\">\n                Date:\n                09 Dezember 2022            <\/div>\n                            <div class=\"c-post-info__category\">\n                Nachrichten            <\/div>\n                    <\/div>\n                    <\/div>\n                            <\/div>\n            <div class=\"wp-block-acf-post-text__col\">\n                                    <div class=\"wp-block-acf-post-text__content c-wysiwyg has-post-info\">\n                        <p>Ob Sie ein Unternehmen oder eine Privatperson sind, die Digitalisierung ist heute ein integraler Bestandteil unserer Gewohnheiten. Sie erm\u00f6glicht es uns, unsere Aktivit\u00e4ten zu \u00fcberdenken, bestimmte Aufgaben zu erleichtern und fast st\u00e4ndig mit allen relevanten Daten <strong>verbunden<\/strong> zu sein. Leider hat sie auch ihre Schattenseiten und \u00f6ffnet oft den falschen Leuten die T\u00fcren.<\/p>\n<blockquote><p>\u201eCyberkriminalit\u00e4t beginnt oft mit ein paar einfachen Gesten und Reflexen\u201c<\/p><\/blockquote>\n<p>Mangelndes Wissen, der t\u00e4gliche Druck und immer ausgefeiltere Techniken machen die <strong>Cybersicherheit<\/strong> zu einer der gr\u00f6\u00dften Herausforderungen unserer Zeit. Dabei reichen manchmal schon ein paar einfache Gesten, um sich vor Angriffen zu sch\u00fctzen:<\/p>\n<ul>\n<li>Klicken Sie niemals auf einen zweifelhaften Link;<\/li>\n<li>\u00dcbermitteln Sie keine sensiblen Daten ohne \u00dcberpr\u00fcfung;<\/li>\n<li>Verwenden Sie starke und unterschiedliche Passw\u00f6rter;<\/li>\n<li>Regelm\u00e4\u00dfig die Software aktualisieren;<\/li>\n<li>Investieren Sie in ein gutes Antivirenprogramm.<\/li>\n<\/ul>\n                    <\/div>\n                                \n                <\/div>\n        <\/div>\n    <\/div>\n<\/section>\n\n\n\n<section class=\"light-gray-bg wp-block-acf-text-banner\">\n    <div class=\"container\">\n                                    <h1 class=\"wp-block-acf-text-banner__title wp-block-acf-text-banner__title--js inherit\">Wachsamkeit ist die beste Verteidigung gegen Cyberbedrohungen<\/h1>\n                            <div class=\"wp-block-acf-text-banner__main-description\"><p>Sensibilisieren, schulen, handeln: drei Reflexe zum Schutz von Daten und Systemen.<\/p>\n<\/div>\n                                <!--  -->\n                                        <\/div>\n<\/section>\n\n\n\n<section class=\"wp-block-acf-post-text\">\n    <div class=\"container\">\n        <div class=\"wp-block-acf-post-text__grid \">\n            <div class=\"wp-block-acf-post-text__col\">\n                            <\/div>\n            <div class=\"wp-block-acf-post-text__col\">\n                                    <div class=\"wp-block-acf-post-text__content c-wysiwyg \">\n                        <p>Bei SIR legen wir gro\u00dfen Wert auf Sicherheit, ob physisch oder digital, und wir verpflichten uns, diese aktiv zu f\u00f6rdern.<\/p>\n<p>In diesem Sinne wird eine Auswahl an Pr\u00e4ventionsvideos angeboten. Die Videos stammen aus zuverl\u00e4ssigen Quellen und behandeln verschiedene Aspekte der Cybersicherheit auf eine leicht zug\u00e4ngliche und konkrete Art und Weise, um das Bewusstsein f\u00fcr diese Herausforderungen zu f\u00f6rdern. <\/p>\n<ul>\n<li>Phishing: Die Vorgehensweise von Hackern verstehen &#8211; <a href=\"https:\/\/www.rts.ch\/play\/tv\/formats-courts\/video\/ne-cliquez-pas--phishing?urn=urn:rts:video:12107183\" target=\"_blank\">Video ansehen<\/a><\/li>\n<li>Die richtige Verwaltung von Passw\u00f6rtern &#8211; <a href=\"https:\/\/www.rts.ch\/play\/tv\/formats-courts\/video\/ne-cliquez-pas--dark-web?urn=urn:rts:video:12116267\" target=\"_blank\">Video ansehen <\/a> <\/li>\n<li>Identit\u00e4tsdiebstahl: die richtigen Reflexe &#8211; <a href=\"https:\/\/tp.srgssr.ch\/p\/srf\/embed?urn=urn:rts:video:12112677&amp;start=8.1\" target=\"_blank\">Video ansehen <\/a> <\/li>\n<li>Abfangen von Daten w\u00e4hrend einer Wifi-Verbindung &#8211; <a href=\"https:\/\/tp.srgssr.ch\/p\/srf\/embed?urn=urn:rts:video:12114579&amp;start=8.1\" target=\"_blank\">Video ansehen <\/a> <\/li>\n<li>Brute-Force-Angriffe &#8211; <a href=\"https:\/\/tp.srgssr.ch\/p\/srf\/embed?urn=urn:rts:video:12143927&amp;start=8.1\" target=\"_blank\">Video ansehen<\/a><\/li>\n<li>Das Risiko von USB-Anschl\u00fcssen &#8211; <a href=\"https:\/\/tp.srgssr.ch\/p\/srf\/embed?urn=urn:rts:video:12148646&amp;start=8.1\" target=\"_blank\">Video ansehen <\/a> <\/li>\n<li>Spionage \u00fcber die Peripherieger\u00e4te unserer Ger\u00e4te (Mikrofon, Kamera) &#8211; <a href=\"https:\/\/tp.srgssr.ch\/p\/srf\/embed?urn=urn:rts:video:12150497&amp;start=8.1\" target=\"_blank\">Video ansehen<\/a><\/li>\n<li>Schwachstellen: offene T\u00fcren f\u00fcr Hacker &#8211; <a href=\"https:\/\/tp.srgssr.ch\/p\/srf\/embed?urn=urn:rts:video:12144503&amp;start=8.1\" target=\"_blank\">Video ansehen <\/a> <\/li>\n<li>Malware &#8211; <a href=\"https:\/\/tp.srgssr.ch\/p\/srf\/embed?urn=urn:rts:video:12147012&amp;start=8.1\" target=\"_blank\">Video ansehen<\/a><\/li>\n<\/ul>\n                    <\/div>\n                                \n                <\/div>\n        <\/div>\n    <\/div>\n<\/section>\n\n\n\n<section class=\"light-bg pb-none wp-block-acf-text-banner\">\n    <div class=\"container\">\n                            <span class=\"wp-block-acf-text-banner__label\">Sehen Sie auch<\/span>\n                            <h1 class=\"wp-block-acf-text-banner__title wp-block-acf-text-banner__title--js inherit\">Artikel, die Sie interessieren k\u00f6nnten<\/h1>\n                                        <!--  -->\n                                        <\/div>\n<\/section>\n\n\n\n<section class=\"wp-block-acf-related-posts\">\n    <div class=\"container\">\n        <div class=\"wp-block-acf-related-posts__intro\">\n                                <\/div>\n                    <div class=\"wp-block-acf-related-posts__cards\">\n                                                                                                                                                                        <div class=\"wp-block-acf-related-posts__cards-item\">\n                                <div class=\"wp-block-acf-related-posts__cards-item-image\">\n                                    <img decoding=\"async\" width=\"1920\" height=\"1080\" src=\"https:\/\/www.sirsa.ch\/wp-content\/uploads\/2025\/05\/sirsa-accueil-1.png\" class=\"attachment-full size-full\" alt=\"\" srcset=\"https:\/\/www.sirsa.ch\/wp-content\/uploads\/2025\/05\/sirsa-accueil-1.png 1920w, https:\/\/www.sirsa.ch\/wp-content\/uploads\/2025\/05\/sirsa-accueil-1-300x169.png 300w, https:\/\/www.sirsa.ch\/wp-content\/uploads\/2025\/05\/sirsa-accueil-1-1024x576.png 1024w, https:\/\/www.sirsa.ch\/wp-content\/uploads\/2025\/05\/sirsa-accueil-1-768x432.png 768w, https:\/\/www.sirsa.ch\/wp-content\/uploads\/2025\/05\/sirsa-accueil-1-1536x864.png 1536w\" sizes=\"(max-width: 1920px) 100vw, 1920px\" \/>                                <\/div>\n                            <\/div>\n                                                                                                                                                                                                    <div class=\"wp-block-acf-related-posts__cards-item\">\n                                    \n\n<a href=\"https:\/\/www.sirsa.ch\/de\/blog\/polizeiliche-kriminalitaetsstatistik-2024-in-der-schweiz\/\" class=\"c-post-card\">\n    <div class=\"c-post-card__box\">\n                    <span class=\"c-post-card__category\">\n                Nachrichten            <\/span>\n                <div class=\"c-post-card__top\">\n                            <div class=\"c-post-card__thumb\">\n                    <img decoding=\"async\" width=\"1166\" height=\"662\" src=\"https:\/\/www.sirsa.ch\/wp-content\/uploads\/2025\/03\/Screenshot-2025-05-15-at-15.24.13.png\" class=\"attachment-full size-full wp-post-image\" alt=\"\" srcset=\"https:\/\/www.sirsa.ch\/wp-content\/uploads\/2025\/03\/Screenshot-2025-05-15-at-15.24.13.png 1166w, https:\/\/www.sirsa.ch\/wp-content\/uploads\/2025\/03\/Screenshot-2025-05-15-at-15.24.13-300x170.png 300w, https:\/\/www.sirsa.ch\/wp-content\/uploads\/2025\/03\/Screenshot-2025-05-15-at-15.24.13-1024x581.png 1024w, https:\/\/www.sirsa.ch\/wp-content\/uploads\/2025\/03\/Screenshot-2025-05-15-at-15.24.13-768x436.png 768w\" sizes=\"(max-width: 1166px) 100vw, 1166px\" \/>                <\/div>\n                    <\/div>\n        <div class=\"c-post-card__text\">\n            <div class=\"c-post-card__date\">\n                03 M\u00e4rz 2025            <\/div>\n            <h5 class=\"c-post-card__title\">\n                Polizeiliche Kriminal&shy;it\u00e4tsstatistik 2024 in der Schweiz            <\/h5>\n                            <div class=\"c-post-card__excerpt\">\n                    <p>Im Jahr 2024 steigt die Kriminalit\u00e4t in der Schweiz an, angetrieben von digitalen und Verm\u00f6gensdelikten, mit deutlichen Unterschieden zwischen den Kantonen.<\/p>\n                <\/div>\n                    <\/div>\n    <\/div>\n<\/a>                                <\/div>\n                                                                                                                                                                                                                                                                <div class=\"wp-block-acf-related-posts__cards-item\">\n                                    \n\n<a href=\"https:\/\/www.sirsa.ch\/de\/blog\/sicherheitsbeauftragter-ein-starkes-engagement-und-gemeinsamer-stolz\/\" class=\"c-post-card\">\n    <div class=\"c-post-card__box\">\n                    <span class=\"c-post-card__category\">\n                Nachrichten            <\/span>\n                <div class=\"c-post-card__top\">\n                            <div class=\"c-post-card__thumb\">\n                    <img decoding=\"async\" width=\"2560\" height=\"1691\" src=\"https:\/\/www.sirsa.ch\/wp-content\/uploads\/2025\/05\/sirsa-brevet-agent-de-securite.png\" class=\"attachment-full size-full wp-post-image\" alt=\"\" \/>                <\/div>\n                    <\/div>\n        <div class=\"c-post-card__text\">\n            <div class=\"c-post-card__date\">\n                09 Dezember 2024            <\/div>\n            <h5 class=\"c-post-card__title\">\n                Sicherheits&shy;beauftragter: Ein starkes Engagement und gemeinsamer Stolz            <\/h5>\n                            <div class=\"c-post-card__excerpt\">\n                    <p>Beim ISD ist die Weiterbildung ein Qualit\u00e4tsmerkmal. Mit einer Erfolgsquote von \u00fcber 80% zeigt der eidgen\u00f6ssische Fachausweis f\u00fcr Sicherheitsbeauftragte die Anforderungen und das Engagement eines ganzen Berufsstandes. <\/p>\n                <\/div>\n                    <\/div>\n    <\/div>\n<\/a>                                <\/div>\n                                                                                                                                    <\/div>\n            <\/div>\n<\/section>","protected":false},"excerpt":{"rendered":"<p>Im digitalen Zeitalter macht der CRS die Cybersicherheit zu einer Priorit\u00e4t, indem er klare Ratschl\u00e4ge f\u00fcr einen wirksamen Schutz erteilt.<\/p>\n","protected":false},"author":12,"featured_media":3049,"comment_status":"closed","ping_status":"closed","sticky":false,"template":"","format":"standard","meta":{"_acf_changed":false,"footnotes":""},"categories":[55],"tags":[],"class_list":["post-3048","post","type-post","status-publish","format-standard","has-post-thumbnail","hentry","category-nachrichten"],"acf":[],"yoast_head":"<title>Cyberkriminalit\u00e4t: eine kollektive Herausforderung - SIR - Service d\u2019Intervention Rapide SA<\/title>\n<meta name=\"description\" content=\"Cyberkriminalit\u00e4t betrifft uns alle. Zoom auf die Bedrohungen, Herausforderungen und m\u00f6gliche Pr\u00e4vention.\" \/>\n<meta name=\"robots\" content=\"index, follow, max-snippet:-1, max-image-preview:large, max-video-preview:-1\" \/>\n<link rel=\"canonical\" href=\"https:\/\/www.sirsa.ch\/de\/blog\/cyberkriminalitaet-ein-thema-das-uns-alle-betrifft\/\" \/>\n<meta property=\"og:locale\" content=\"de_DE\" \/>\n<meta property=\"og:type\" content=\"article\" \/>\n<meta property=\"og:title\" content=\"Cyber&shy;kriminalit\u00e4t: ein Thema, das uns alle betrifft!\" \/>\n<meta property=\"og:description\" content=\"Cyberkriminalit\u00e4t betrifft uns alle. Zoom auf die Bedrohungen, Herausforderungen und m\u00f6gliche Pr\u00e4vention.\" \/>\n<meta property=\"og:url\" content=\"https:\/\/www.sirsa.ch\/de\/blog\/cyberkriminalitaet-ein-thema-das-uns-alle-betrifft\/\" \/>\n<meta property=\"og:site_name\" content=\"SIR - Service d\u2019Intervention Rapide SA\" \/>\n<meta property=\"article:published_time\" content=\"2022-12-09T08:24:00+00:00\" \/>\n<meta property=\"article:modified_time\" content=\"2025-06-30T06:32:39+00:00\" \/>\n<meta property=\"og:image\" content=\"https:\/\/www.sirsa.ch\/wp-content\/uploads\/2025\/05\/SIR-la-cibercriminalite-scaled.jpg\" \/>\n\t<meta property=\"og:image:width\" content=\"2560\" \/>\n\t<meta property=\"og:image:height\" content=\"1691\" \/>\n\t<meta property=\"og:image:type\" content=\"image\/jpeg\" \/>\n<meta name=\"author\" content=\"SIR News\" \/>\n<meta name=\"twitter:card\" content=\"summary_large_image\" \/>\n<meta name=\"twitter:label1\" content=\"Verfasst von\" \/>\n\t<meta name=\"twitter:data1\" content=\"SIR News\" \/>\n\t<meta name=\"twitter:label2\" content=\"Gesch\u00e4tzte Lesezeit\" \/>\n\t<meta name=\"twitter:data2\" content=\"1\u00a0Minute\" \/>\n<script type=\"application\/ld+json\" class=\"yoast-schema-graph\">{\"@context\":\"https:\\\/\\\/schema.org\",\"@graph\":[{\"@type\":\"Article\",\"@id\":\"https:\\\/\\\/www.sirsa.ch\\\/de\\\/blog\\\/cyberkriminalitaet-ein-thema-das-uns-alle-betrifft\\\/#article\",\"isPartOf\":{\"@id\":\"https:\\\/\\\/www.sirsa.ch\\\/de\\\/blog\\\/cyberkriminalitaet-ein-thema-das-uns-alle-betrifft\\\/\"},\"author\":{\"name\":\"SIR News\",\"@id\":\"https:\\\/\\\/www.sirsa.ch\\\/de\\\/#\\\/schema\\\/person\\\/3abf136f39dfd930ba7da19c81a95458\"},\"headline\":\"Cyber&shy;kriminalit\u00e4t: ein Thema, das uns alle betrifft!\",\"datePublished\":\"2022-12-09T08:24:00+00:00\",\"dateModified\":\"2025-06-30T06:32:39+00:00\",\"mainEntityOfPage\":{\"@id\":\"https:\\\/\\\/www.sirsa.ch\\\/de\\\/blog\\\/cyberkriminalitaet-ein-thema-das-uns-alle-betrifft\\\/\"},\"wordCount\":10,\"publisher\":{\"@id\":\"https:\\\/\\\/www.sirsa.ch\\\/de\\\/#organization\"},\"image\":{\"@id\":\"https:\\\/\\\/www.sirsa.ch\\\/de\\\/blog\\\/cyberkriminalitaet-ein-thema-das-uns-alle-betrifft\\\/#primaryimage\"},\"thumbnailUrl\":\"https:\\\/\\\/www.sirsa.ch\\\/wp-content\\\/uploads\\\/2025\\\/05\\\/SIR-la-cibercriminalite-scaled.jpg\",\"articleSection\":[\"Nachrichten\"],\"inLanguage\":\"de\"},{\"@type\":\"WebPage\",\"@id\":\"https:\\\/\\\/www.sirsa.ch\\\/de\\\/blog\\\/cyberkriminalitaet-ein-thema-das-uns-alle-betrifft\\\/\",\"url\":\"https:\\\/\\\/www.sirsa.ch\\\/de\\\/blog\\\/cyberkriminalitaet-ein-thema-das-uns-alle-betrifft\\\/\",\"name\":\"Cyberkriminalit\u00e4t: eine kollektive Herausforderung - SIR - Service d\u2019Intervention Rapide SA\",\"isPartOf\":{\"@id\":\"https:\\\/\\\/www.sirsa.ch\\\/de\\\/#website\"},\"primaryImageOfPage\":{\"@id\":\"https:\\\/\\\/www.sirsa.ch\\\/de\\\/blog\\\/cyberkriminalitaet-ein-thema-das-uns-alle-betrifft\\\/#primaryimage\"},\"image\":{\"@id\":\"https:\\\/\\\/www.sirsa.ch\\\/de\\\/blog\\\/cyberkriminalitaet-ein-thema-das-uns-alle-betrifft\\\/#primaryimage\"},\"thumbnailUrl\":\"https:\\\/\\\/www.sirsa.ch\\\/wp-content\\\/uploads\\\/2025\\\/05\\\/SIR-la-cibercriminalite-scaled.jpg\",\"datePublished\":\"2022-12-09T08:24:00+00:00\",\"dateModified\":\"2025-06-30T06:32:39+00:00\",\"description\":\"Cyberkriminalit\u00e4t betrifft uns alle. Zoom auf die Bedrohungen, Herausforderungen und m\u00f6gliche Pr\u00e4vention.\",\"breadcrumb\":{\"@id\":\"https:\\\/\\\/www.sirsa.ch\\\/de\\\/blog\\\/cyberkriminalitaet-ein-thema-das-uns-alle-betrifft\\\/#breadcrumb\"},\"inLanguage\":\"de\",\"potentialAction\":[{\"@type\":\"ReadAction\",\"target\":[\"https:\\\/\\\/www.sirsa.ch\\\/de\\\/blog\\\/cyberkriminalitaet-ein-thema-das-uns-alle-betrifft\\\/\"]}]},{\"@type\":\"ImageObject\",\"inLanguage\":\"de\",\"@id\":\"https:\\\/\\\/www.sirsa.ch\\\/de\\\/blog\\\/cyberkriminalitaet-ein-thema-das-uns-alle-betrifft\\\/#primaryimage\",\"url\":\"https:\\\/\\\/www.sirsa.ch\\\/wp-content\\\/uploads\\\/2025\\\/05\\\/SIR-la-cibercriminalite-scaled.jpg\",\"contentUrl\":\"https:\\\/\\\/www.sirsa.ch\\\/wp-content\\\/uploads\\\/2025\\\/05\\\/SIR-la-cibercriminalite-scaled.jpg\",\"width\":2560,\"height\":1691},{\"@type\":\"BreadcrumbList\",\"@id\":\"https:\\\/\\\/www.sirsa.ch\\\/de\\\/blog\\\/cyberkriminalitaet-ein-thema-das-uns-alle-betrifft\\\/#breadcrumb\",\"itemListElement\":[{\"@type\":\"ListItem\",\"position\":1,\"name\":\"Home\",\"item\":\"https:\\\/\\\/www.sirsa.ch\\\/de\\\/\"},{\"@type\":\"ListItem\",\"position\":2,\"name\":\"Cyber&shy;kriminalit\u00e4t: ein Thema, das uns alle betrifft!\"}]},{\"@type\":\"WebSite\",\"@id\":\"https:\\\/\\\/www.sirsa.ch\\\/de\\\/#website\",\"url\":\"https:\\\/\\\/www.sirsa.ch\\\/de\\\/\",\"name\":\"Service d\u2019Intervention Rapide SA\",\"description\":\"Plus de 45 ans d&#039;exp\u00e9rience dans la s\u00e9curit\u00e9 priv\u00e9e au service des particuliers et des entreprises\",\"publisher\":{\"@id\":\"https:\\\/\\\/www.sirsa.ch\\\/de\\\/#organization\"},\"alternateName\":\"SIR SA - Service d\u2019Intervention Rapide SA\",\"potentialAction\":[{\"@type\":\"SearchAction\",\"target\":{\"@type\":\"EntryPoint\",\"urlTemplate\":\"https:\\\/\\\/www.sirsa.ch\\\/de\\\/?s={search_term_string}\"},\"query-input\":{\"@type\":\"PropertyValueSpecification\",\"valueRequired\":true,\"valueName\":\"search_term_string\"}}],\"inLanguage\":\"de\"},{\"@type\":\"Organization\",\"@id\":\"https:\\\/\\\/www.sirsa.ch\\\/de\\\/#organization\",\"name\":\"Service d'Intervention Rapide SA\",\"alternateName\":\"Service d'Intervention Rapide SA\",\"url\":\"https:\\\/\\\/www.sirsa.ch\\\/de\\\/\",\"logo\":{\"@type\":\"ImageObject\",\"inLanguage\":\"de\",\"@id\":\"https:\\\/\\\/www.sirsa.ch\\\/de\\\/#\\\/schema\\\/logo\\\/image\\\/\",\"url\":\"https:\\\/\\\/www.sirsa.ch\\\/wp-content\\\/uploads\\\/2025\\\/04\\\/cropped-sir-logo-1.png\",\"contentUrl\":\"https:\\\/\\\/www.sirsa.ch\\\/wp-content\\\/uploads\\\/2025\\\/04\\\/cropped-sir-logo-1.png\",\"width\":160,\"height\":160,\"caption\":\"Service d'Intervention Rapide SA\"},\"image\":{\"@id\":\"https:\\\/\\\/www.sirsa.ch\\\/de\\\/#\\\/schema\\\/logo\\\/image\\\/\"},\"sameAs\":[\"https:\\\/\\\/www.linkedin.com\\\/company\\\/serviceinterventionrapidesa\",\"https:\\\/\\\/www.youtube.com\\\/@sirdg5117\"],\"description\":\"Depuis 1978, le SIR fa\u00e7onne les standards de la s\u00e9curit\u00e9 en Suisse. Une expertise construite aux c\u00f4t\u00e9s de ceux que nous prot\u00e9geons.\",\"email\":\"secretariat@sirsa.ch\",\"telephone\":\"+41223644644\",\"legalName\":\"Service d'Int\u00e9rvention Rapide SA\",\"foundingDate\":\"1978-01-19\",\"numberOfEmployees\":{\"@type\":\"QuantitativeValue\",\"minValue\":\"201\",\"maxValue\":\"500\"}},{\"@type\":\"Person\",\"@id\":\"https:\\\/\\\/www.sirsa.ch\\\/de\\\/#\\\/schema\\\/person\\\/3abf136f39dfd930ba7da19c81a95458\",\"name\":\"SIR News\",\"image\":{\"@type\":\"ImageObject\",\"inLanguage\":\"de\",\"@id\":\"https:\\\/\\\/secure.gravatar.com\\\/avatar\\\/7d6c533cab8218a1387eb7dcc195aa64ef058acea8210d3997a18e9737564c6e?s=96&d=mm&r=g\",\"url\":\"https:\\\/\\\/secure.gravatar.com\\\/avatar\\\/7d6c533cab8218a1387eb7dcc195aa64ef058acea8210d3997a18e9737564c6e?s=96&d=mm&r=g\",\"contentUrl\":\"https:\\\/\\\/secure.gravatar.com\\\/avatar\\\/7d6c533cab8218a1387eb7dcc195aa64ef058acea8210d3997a18e9737564c6e?s=96&d=mm&r=g\",\"caption\":\"SIR News\"},\"url\":\"https:\\\/\\\/www.sirsa.ch\\\/de\\\/blog\\\/author\\\/sirnewssirsa-ch\\\/\"}]}<\/script>","yoast_head_json":{"title":"Cyberkriminalit\u00e4t: eine kollektive Herausforderung - SIR - Service d\u2019Intervention Rapide SA","description":"Cyberkriminalit\u00e4t betrifft uns alle. Zoom auf die Bedrohungen, Herausforderungen und m\u00f6gliche Pr\u00e4vention.","robots":{"index":"index","follow":"follow","max-snippet":"max-snippet:-1","max-image-preview":"max-image-preview:large","max-video-preview":"max-video-preview:-1"},"canonical":"https:\/\/www.sirsa.ch\/de\/blog\/cyberkriminalitaet-ein-thema-das-uns-alle-betrifft\/","og_locale":"de_DE","og_type":"article","og_title":"Cyber&shy;kriminalit\u00e4t: ein Thema, das uns alle betrifft!","og_description":"Cyberkriminalit\u00e4t betrifft uns alle. Zoom auf die Bedrohungen, Herausforderungen und m\u00f6gliche Pr\u00e4vention.","og_url":"https:\/\/www.sirsa.ch\/de\/blog\/cyberkriminalitaet-ein-thema-das-uns-alle-betrifft\/","og_site_name":"SIR - Service d\u2019Intervention Rapide SA","article_published_time":"2022-12-09T08:24:00+00:00","article_modified_time":"2025-06-30T06:32:39+00:00","og_image":[{"width":2560,"height":1691,"url":"https:\/\/www.sirsa.ch\/wp-content\/uploads\/2025\/05\/SIR-la-cibercriminalite-scaled.jpg","type":"image\/jpeg"}],"author":"SIR News","twitter_card":"summary_large_image","twitter_misc":{"Verfasst von":"SIR News","Gesch\u00e4tzte Lesezeit":"1\u00a0Minute"},"schema":{"@context":"https:\/\/schema.org","@graph":[{"@type":"Article","@id":"https:\/\/www.sirsa.ch\/de\/blog\/cyberkriminalitaet-ein-thema-das-uns-alle-betrifft\/#article","isPartOf":{"@id":"https:\/\/www.sirsa.ch\/de\/blog\/cyberkriminalitaet-ein-thema-das-uns-alle-betrifft\/"},"author":{"name":"SIR News","@id":"https:\/\/www.sirsa.ch\/de\/#\/schema\/person\/3abf136f39dfd930ba7da19c81a95458"},"headline":"Cyber&shy;kriminalit\u00e4t: ein Thema, das uns alle betrifft!","datePublished":"2022-12-09T08:24:00+00:00","dateModified":"2025-06-30T06:32:39+00:00","mainEntityOfPage":{"@id":"https:\/\/www.sirsa.ch\/de\/blog\/cyberkriminalitaet-ein-thema-das-uns-alle-betrifft\/"},"wordCount":10,"publisher":{"@id":"https:\/\/www.sirsa.ch\/de\/#organization"},"image":{"@id":"https:\/\/www.sirsa.ch\/de\/blog\/cyberkriminalitaet-ein-thema-das-uns-alle-betrifft\/#primaryimage"},"thumbnailUrl":"https:\/\/www.sirsa.ch\/wp-content\/uploads\/2025\/05\/SIR-la-cibercriminalite-scaled.jpg","articleSection":["Nachrichten"],"inLanguage":"de"},{"@type":"WebPage","@id":"https:\/\/www.sirsa.ch\/de\/blog\/cyberkriminalitaet-ein-thema-das-uns-alle-betrifft\/","url":"https:\/\/www.sirsa.ch\/de\/blog\/cyberkriminalitaet-ein-thema-das-uns-alle-betrifft\/","name":"Cyberkriminalit\u00e4t: eine kollektive Herausforderung - SIR - Service d\u2019Intervention Rapide SA","isPartOf":{"@id":"https:\/\/www.sirsa.ch\/de\/#website"},"primaryImageOfPage":{"@id":"https:\/\/www.sirsa.ch\/de\/blog\/cyberkriminalitaet-ein-thema-das-uns-alle-betrifft\/#primaryimage"},"image":{"@id":"https:\/\/www.sirsa.ch\/de\/blog\/cyberkriminalitaet-ein-thema-das-uns-alle-betrifft\/#primaryimage"},"thumbnailUrl":"https:\/\/www.sirsa.ch\/wp-content\/uploads\/2025\/05\/SIR-la-cibercriminalite-scaled.jpg","datePublished":"2022-12-09T08:24:00+00:00","dateModified":"2025-06-30T06:32:39+00:00","description":"Cyberkriminalit\u00e4t betrifft uns alle. Zoom auf die Bedrohungen, Herausforderungen und m\u00f6gliche Pr\u00e4vention.","breadcrumb":{"@id":"https:\/\/www.sirsa.ch\/de\/blog\/cyberkriminalitaet-ein-thema-das-uns-alle-betrifft\/#breadcrumb"},"inLanguage":"de","potentialAction":[{"@type":"ReadAction","target":["https:\/\/www.sirsa.ch\/de\/blog\/cyberkriminalitaet-ein-thema-das-uns-alle-betrifft\/"]}]},{"@type":"ImageObject","inLanguage":"de","@id":"https:\/\/www.sirsa.ch\/de\/blog\/cyberkriminalitaet-ein-thema-das-uns-alle-betrifft\/#primaryimage","url":"https:\/\/www.sirsa.ch\/wp-content\/uploads\/2025\/05\/SIR-la-cibercriminalite-scaled.jpg","contentUrl":"https:\/\/www.sirsa.ch\/wp-content\/uploads\/2025\/05\/SIR-la-cibercriminalite-scaled.jpg","width":2560,"height":1691},{"@type":"BreadcrumbList","@id":"https:\/\/www.sirsa.ch\/de\/blog\/cyberkriminalitaet-ein-thema-das-uns-alle-betrifft\/#breadcrumb","itemListElement":[{"@type":"ListItem","position":1,"name":"Home","item":"https:\/\/www.sirsa.ch\/de\/"},{"@type":"ListItem","position":2,"name":"Cyber&shy;kriminalit\u00e4t: ein Thema, das uns alle betrifft!"}]},{"@type":"WebSite","@id":"https:\/\/www.sirsa.ch\/de\/#website","url":"https:\/\/www.sirsa.ch\/de\/","name":"Service d\u2019Intervention Rapide SA","description":"Plus de 45 ans d&#039;exp\u00e9rience dans la s\u00e9curit\u00e9 priv\u00e9e au service des particuliers et des entreprises","publisher":{"@id":"https:\/\/www.sirsa.ch\/de\/#organization"},"alternateName":"SIR SA - Service d\u2019Intervention Rapide SA","potentialAction":[{"@type":"SearchAction","target":{"@type":"EntryPoint","urlTemplate":"https:\/\/www.sirsa.ch\/de\/?s={search_term_string}"},"query-input":{"@type":"PropertyValueSpecification","valueRequired":true,"valueName":"search_term_string"}}],"inLanguage":"de"},{"@type":"Organization","@id":"https:\/\/www.sirsa.ch\/de\/#organization","name":"Service d'Intervention Rapide SA","alternateName":"Service d'Intervention Rapide SA","url":"https:\/\/www.sirsa.ch\/de\/","logo":{"@type":"ImageObject","inLanguage":"de","@id":"https:\/\/www.sirsa.ch\/de\/#\/schema\/logo\/image\/","url":"https:\/\/www.sirsa.ch\/wp-content\/uploads\/2025\/04\/cropped-sir-logo-1.png","contentUrl":"https:\/\/www.sirsa.ch\/wp-content\/uploads\/2025\/04\/cropped-sir-logo-1.png","width":160,"height":160,"caption":"Service d'Intervention Rapide SA"},"image":{"@id":"https:\/\/www.sirsa.ch\/de\/#\/schema\/logo\/image\/"},"sameAs":["https:\/\/www.linkedin.com\/company\/serviceinterventionrapidesa","https:\/\/www.youtube.com\/@sirdg5117"],"description":"Depuis 1978, le SIR fa\u00e7onne les standards de la s\u00e9curit\u00e9 en Suisse. Une expertise construite aux c\u00f4t\u00e9s de ceux que nous prot\u00e9geons.","email":"secretariat@sirsa.ch","telephone":"+41223644644","legalName":"Service d'Int\u00e9rvention Rapide SA","foundingDate":"1978-01-19","numberOfEmployees":{"@type":"QuantitativeValue","minValue":"201","maxValue":"500"}},{"@type":"Person","@id":"https:\/\/www.sirsa.ch\/de\/#\/schema\/person\/3abf136f39dfd930ba7da19c81a95458","name":"SIR News","image":{"@type":"ImageObject","inLanguage":"de","@id":"https:\/\/secure.gravatar.com\/avatar\/7d6c533cab8218a1387eb7dcc195aa64ef058acea8210d3997a18e9737564c6e?s=96&d=mm&r=g","url":"https:\/\/secure.gravatar.com\/avatar\/7d6c533cab8218a1387eb7dcc195aa64ef058acea8210d3997a18e9737564c6e?s=96&d=mm&r=g","contentUrl":"https:\/\/secure.gravatar.com\/avatar\/7d6c533cab8218a1387eb7dcc195aa64ef058acea8210d3997a18e9737564c6e?s=96&d=mm&r=g","caption":"SIR News"},"url":"https:\/\/www.sirsa.ch\/de\/blog\/author\/sirnewssirsa-ch\/"}]}},"_links":{"self":[{"href":"https:\/\/www.sirsa.ch\/de\/wp-json\/wp\/v2\/posts\/3048","targetHints":{"allow":["GET"]}}],"collection":[{"href":"https:\/\/www.sirsa.ch\/de\/wp-json\/wp\/v2\/posts"}],"about":[{"href":"https:\/\/www.sirsa.ch\/de\/wp-json\/wp\/v2\/types\/post"}],"author":[{"embeddable":true,"href":"https:\/\/www.sirsa.ch\/de\/wp-json\/wp\/v2\/users\/12"}],"replies":[{"embeddable":true,"href":"https:\/\/www.sirsa.ch\/de\/wp-json\/wp\/v2\/comments?post=3048"}],"version-history":[{"count":3,"href":"https:\/\/www.sirsa.ch\/de\/wp-json\/wp\/v2\/posts\/3048\/revisions"}],"predecessor-version":[{"id":3570,"href":"https:\/\/www.sirsa.ch\/de\/wp-json\/wp\/v2\/posts\/3048\/revisions\/3570"}],"wp:featuredmedia":[{"embeddable":true,"href":"https:\/\/www.sirsa.ch\/de\/wp-json\/wp\/v2\/media\/3049"}],"wp:attachment":[{"href":"https:\/\/www.sirsa.ch\/de\/wp-json\/wp\/v2\/media?parent=3048"}],"wp:term":[{"taxonomy":"category","embeddable":true,"href":"https:\/\/www.sirsa.ch\/de\/wp-json\/wp\/v2\/categories?post=3048"},{"taxonomy":"post_tag","embeddable":true,"href":"https:\/\/www.sirsa.ch\/de\/wp-json\/wp\/v2\/tags?post=3048"}],"curies":[{"name":"wp","href":"https:\/\/api.w.org\/{rel}","templated":true}]}}