{"id":3044,"date":"2024-12-09T08:17:00","date_gmt":"2024-12-09T08:17:00","guid":{"rendered":"https:\/\/www.sirsa.ch\/blog\/sicherheitsbeauftragter-ein-starkes-engagement-und-gemeinsamer-stolz\/"},"modified":"2025-06-30T06:31:42","modified_gmt":"2025-06-30T06:31:42","slug":"sicherheitsbeauftragter-ein-starkes-engagement-und-gemeinsamer-stolz","status":"publish","type":"post","link":"https:\/\/www.sirsa.ch\/de\/blog\/sicherheitsbeauftragter-ein-starkes-engagement-und-gemeinsamer-stolz\/","title":{"rendered":"Sicherheits&shy;beauftragter: Ein starkes Engagement und gemeinsamer Stolz"},"content":{"rendered":"\n\n<section class=\"wp-block-acf-post-text\">\n    <div class=\"container\">\n        <div class=\"wp-block-acf-post-text__grid \">\n            <div class=\"wp-block-acf-post-text__col\">\n                                    <div class=\"wp-block-acf-post-text__side-content\">\n                            <div class=\"c-post-info\">\n        <div class=\"c-post-info__label\">\n            Article        <\/div>\n                            <div class=\"c-post-info__date\">\n                Date:\n                09 Dezember 2024            <\/div>\n                            <div class=\"c-post-info__category\">\n                Nachrichten            <\/div>\n                    <\/div>\n                    <\/div>\n                            <\/div>\n            <div class=\"wp-block-acf-post-text__col\">\n                                    <div class=\"wp-block-acf-post-text__content c-wysiwyg has-post-info\">\n                        <p>Ein starkes Engagement und ein gemeinsamer Stolz. In unserem Unternehmen ist Sicherheit nicht nur eine Aufgabe, sondern auch eine Verpflichtung.<\/p>\n<blockquote><p>\u201eEs ist vor allem eine Berufung&#8220;<\/p>\n<p>&#8211; Claire M. Einsatzleiterin bei SIR<\/p><\/blockquote>\n<p>Deshalb sind wir stolz darauf, das &#8222;Brevet d&#8217;Agent de S\u00e9curit\u00e9&#8220; zu f\u00f6rdern und aufzuwerten.<\/p>\n                    <\/div>\n                                \n                <\/div>\n        <\/div>\n    <\/div>\n<\/section>\n\n\n\n<section class=\"wp-block-acf-post-text\">\n    <div class=\"container\">\n        <div class=\"wp-block-acf-post-text__grid \">\n            <div class=\"wp-block-acf-post-text__col\">\n                            <\/div>\n            <div class=\"wp-block-acf-post-text__col\">\n                                    <div class=\"wp-block-acf-post-text__content c-wysiwyg \">\n                        <p><strong>Ausbilden, in die Zukunft investieren<\/strong><\/p>\n<p>Die st\u00e4ndige Weiterbildung unserer Mitarbeiter ist Teil unserer Vision, da sie ein strategischer Hebel ist, um die Qualit\u00e4t unserer Dienstleistungen zu gew\u00e4hrleisten. Die theoretische und praktische Ausbildung unserer Mitarbeiter erm\u00f6glicht es uns, ein perfektes Know-how zu vermitteln, das sowohl professionelle Gesten als auch operative Disziplin umfasst. <\/p>\n                    <\/div>\n                                \n                <\/div>\n        <\/div>\n    <\/div>\n<\/section>\n\n\n\n<section class=\"light-gray-bg wp-block-acf-text-banner\">\n    <div class=\"container\">\n                                    <h1 class=\"wp-block-acf-text-banner__title wp-block-acf-text-banner__title--js inherit\">Die Begleitung jedes Mitarbeiters zu Spitzenleistungen bedeutet, dass der ISD w\u00e4chst.<\/h1>\n                            <div class=\"wp-block-acf-text-banner__main-description\"><p>Gemeinsam f\u00f6rdern wir unsere Talente, um erfolgreich zu sein.<\/p>\n<\/div>\n                                <!--  -->\n                                        <\/div>\n<\/section>\n\n\n\n<section class=\"wp-block-acf-post-text\">\n    <div class=\"container\">\n        <div class=\"wp-block-acf-post-text__grid \">\n            <div class=\"wp-block-acf-post-text__col\">\n                            <\/div>\n            <div class=\"wp-block-acf-post-text__col\">\n                                    <div class=\"wp-block-acf-post-text__content c-wysiwyg \">\n                        <p>Jedes Jahr feiert der ISD mit Stolz den erfolgreichen Abschluss seiner neuen Diplome. Mit einer Erfolgsquote von \u00fcber 80% in jedem Jahr ist diese Zahl ein Spiegelbild unseres Engagements, unserer Qualit\u00e4tsanspr\u00fcche und der Investitionen unserer Mitarbeiter, seien es Lehrkr\u00e4fte oder Studenten. <\/p>\n<p><strong>Motivieren, aufwerten und weiterentwickeln!<\/strong><\/p>\n<p>Der Erfolg unserer Agenten ist mehr als nur eine Pflicht oder eine Formalit\u00e4t. Er ist eine Visitenkarte und ein unbestreitbarer Qualit\u00e4tsnachweis, sowohl f\u00fcr unsere Kunden als auch f\u00fcr die Talente, die zu uns kommen m\u00f6chten.<br \/>\nIn der Tat ist das &#8222;Brevet d&#8217;Agent de S\u00e9curit\u00e9&#8220; ein wertvolles Mittel, um zuk\u00fcnftige Rekruten zu motivieren, den Schritt zu wagen, es st\u00e4rkt die Kompetenzen unserer Teams und er\u00f6ffnet echte Entwicklungsperspektiven. Es ist auch eine Garantie f\u00fcr unsere Kunden, dass sie von einem anspruchsvollen und leistungsf\u00e4higen menschlichen Sicherheitsdienst profitieren.  <\/p>\n                    <\/div>\n                                \n                <\/div>\n        <\/div>\n    <\/div>\n<\/section>\n\n\n\n<section class=\"light-bg pb-none wp-block-acf-text-banner\">\n    <div class=\"container\">\n                            <span class=\"wp-block-acf-text-banner__label\">Sehen Sie auch<\/span>\n                            <h1 class=\"wp-block-acf-text-banner__title wp-block-acf-text-banner__title--js inherit\">Artikel, die Sie interessieren k\u00f6nnten<\/h1>\n                                        <!--  -->\n                                        <\/div>\n<\/section>\n\n\n\n<section class=\"wp-block-acf-related-posts\">\n    <div class=\"container\">\n        <div class=\"wp-block-acf-related-posts__intro\">\n                                <\/div>\n                    <div class=\"wp-block-acf-related-posts__cards\">\n                                                                                                                                                                        <div class=\"wp-block-acf-related-posts__cards-item\">\n                                <div class=\"wp-block-acf-related-posts__cards-item-image\">\n                                    <img decoding=\"async\" width=\"1920\" height=\"1080\" src=\"https:\/\/www.sirsa.ch\/wp-content\/uploads\/2025\/05\/sirsa-accueil-1.png\" class=\"attachment-full size-full\" alt=\"\" srcset=\"https:\/\/www.sirsa.ch\/wp-content\/uploads\/2025\/05\/sirsa-accueil-1.png 1920w, https:\/\/www.sirsa.ch\/wp-content\/uploads\/2025\/05\/sirsa-accueil-1-300x169.png 300w, https:\/\/www.sirsa.ch\/wp-content\/uploads\/2025\/05\/sirsa-accueil-1-1024x576.png 1024w, https:\/\/www.sirsa.ch\/wp-content\/uploads\/2025\/05\/sirsa-accueil-1-768x432.png 768w, https:\/\/www.sirsa.ch\/wp-content\/uploads\/2025\/05\/sirsa-accueil-1-1536x864.png 1536w\" sizes=\"(max-width: 1920px) 100vw, 1920px\" \/>                                <\/div>\n                            <\/div>\n                                                                                                                                                                                                    <div class=\"wp-block-acf-related-posts__cards-item\">\n                                    \n\n<a href=\"https:\/\/www.sirsa.ch\/de\/blog\/polizeiliche-kriminalitaetsstatistik-2024-in-der-schweiz\/\" class=\"c-post-card\">\n    <div class=\"c-post-card__box\">\n                    <span class=\"c-post-card__category\">\n                Nachrichten            <\/span>\n                <div class=\"c-post-card__top\">\n                            <div class=\"c-post-card__thumb\">\n                    <img decoding=\"async\" width=\"1166\" height=\"662\" src=\"https:\/\/www.sirsa.ch\/wp-content\/uploads\/2025\/03\/Screenshot-2025-05-15-at-15.24.13.png\" class=\"attachment-full size-full wp-post-image\" alt=\"\" srcset=\"https:\/\/www.sirsa.ch\/wp-content\/uploads\/2025\/03\/Screenshot-2025-05-15-at-15.24.13.png 1166w, https:\/\/www.sirsa.ch\/wp-content\/uploads\/2025\/03\/Screenshot-2025-05-15-at-15.24.13-300x170.png 300w, https:\/\/www.sirsa.ch\/wp-content\/uploads\/2025\/03\/Screenshot-2025-05-15-at-15.24.13-1024x581.png 1024w, https:\/\/www.sirsa.ch\/wp-content\/uploads\/2025\/03\/Screenshot-2025-05-15-at-15.24.13-768x436.png 768w\" sizes=\"(max-width: 1166px) 100vw, 1166px\" \/>                <\/div>\n                    <\/div>\n        <div class=\"c-post-card__text\">\n            <div class=\"c-post-card__date\">\n                03 M\u00e4rz 2025            <\/div>\n            <h5 class=\"c-post-card__title\">\n                Polizeiliche Kriminal&shy;it\u00e4tsstatistik 2024 in der Schweiz            <\/h5>\n                            <div class=\"c-post-card__excerpt\">\n                    <p>Im Jahr 2024 steigt die Kriminalit\u00e4t in der Schweiz an, angetrieben von digitalen und Verm\u00f6gensdelikten, mit deutlichen Unterschieden zwischen den Kantonen.<\/p>\n                <\/div>\n                    <\/div>\n    <\/div>\n<\/a>                                <\/div>\n                                                                                                                                                                                                                                                                <div class=\"wp-block-acf-related-posts__cards-item\">\n                                    \n\n<a href=\"https:\/\/www.sirsa.ch\/de\/blog\/cyberkriminalitaet-ein-thema-das-uns-alle-betrifft\/\" class=\"c-post-card\">\n    <div class=\"c-post-card__box\">\n                    <span class=\"c-post-card__category\">\n                Nachrichten            <\/span>\n                <div class=\"c-post-card__top\">\n                            <div class=\"c-post-card__thumb\">\n                    <img decoding=\"async\" width=\"2560\" height=\"1691\" src=\"https:\/\/www.sirsa.ch\/wp-content\/uploads\/2025\/05\/SIR-la-cibercriminalite-scaled.jpg\" class=\"attachment-full size-full wp-post-image\" alt=\"\" srcset=\"https:\/\/www.sirsa.ch\/wp-content\/uploads\/2025\/05\/SIR-la-cibercriminalite-scaled.jpg 2560w, https:\/\/www.sirsa.ch\/wp-content\/uploads\/2025\/05\/SIR-la-cibercriminalite-300x198.jpg 300w, https:\/\/www.sirsa.ch\/wp-content\/uploads\/2025\/05\/SIR-la-cibercriminalite-1024x677.jpg 1024w, https:\/\/www.sirsa.ch\/wp-content\/uploads\/2025\/05\/SIR-la-cibercriminalite-768x507.jpg 768w, https:\/\/www.sirsa.ch\/wp-content\/uploads\/2025\/05\/SIR-la-cibercriminalite-1536x1015.jpg 1536w, https:\/\/www.sirsa.ch\/wp-content\/uploads\/2025\/05\/SIR-la-cibercriminalite-2048x1353.jpg 2048w\" sizes=\"(max-width: 2560px) 100vw, 2560px\" \/>                <\/div>\n                    <\/div>\n        <div class=\"c-post-card__text\">\n            <div class=\"c-post-card__date\">\n                09 Dezember 2022            <\/div>\n            <h5 class=\"c-post-card__title\">\n                Cyber&shy;kriminalit\u00e4t: ein Thema, das uns alle betrifft!            <\/h5>\n                            <div class=\"c-post-card__excerpt\">\n                    <p>Im digitalen Zeitalter macht der CRS die Cybersicherheit zu einer Priorit\u00e4t, indem er klare Ratschl\u00e4ge f\u00fcr einen wirksamen Schutz erteilt.<\/p>\n                <\/div>\n                    <\/div>\n    <\/div>\n<\/a>                                <\/div>\n                                                                                                                                    <\/div>\n            <\/div>\n<\/section>","protected":false},"excerpt":{"rendered":"<p>Beim ISD ist die Weiterbildung ein Qualit\u00e4tsmerkmal. Mit einer Erfolgsquote von \u00fcber 80% zeigt der eidgen\u00f6ssische Fachausweis f\u00fcr Sicherheitsbeauftragte die Anforderungen und das Engagement eines ganzen Berufsstandes. <\/p>\n","protected":false},"author":12,"featured_media":3046,"comment_status":"closed","ping_status":"closed","sticky":false,"template":"","format":"standard","meta":{"_acf_changed":false,"footnotes":""},"categories":[55],"tags":[],"class_list":["post-3044","post","type-post","status-publish","format-standard","has-post-thumbnail","hentry","category-nachrichten"],"acf":[],"yoast_head":"<title>Agentenlizenz: Ein Engagement, das gesch\u00e4tzt wird - SIR - Service d\u2019Intervention Rapide SA<\/title>\n<meta name=\"description\" content=\"Die Erlangung des Zertifikats f\u00fcr Sicherheitspersonal ist eine offizielle Anerkennung und eine Quelle des Stolzes.\" \/>\n<meta name=\"robots\" content=\"index, follow, max-snippet:-1, max-image-preview:large, max-video-preview:-1\" \/>\n<link rel=\"canonical\" href=\"https:\/\/www.sirsa.ch\/de\/blog\/sicherheitsbeauftragter-ein-starkes-engagement-und-gemeinsamer-stolz\/\" \/>\n<meta property=\"og:locale\" content=\"de_DE\" \/>\n<meta property=\"og:type\" content=\"article\" \/>\n<meta property=\"og:title\" content=\"Sicherheits&shy;beauftragter: Ein starkes Engagement und gemeinsamer Stolz\" \/>\n<meta property=\"og:description\" content=\"Die Erlangung des Zertifikats f\u00fcr Sicherheitspersonal ist eine offizielle Anerkennung und eine Quelle des Stolzes.\" \/>\n<meta property=\"og:url\" content=\"https:\/\/www.sirsa.ch\/de\/blog\/sicherheitsbeauftragter-ein-starkes-engagement-und-gemeinsamer-stolz\/\" \/>\n<meta property=\"og:site_name\" content=\"SIR - Service d\u2019Intervention Rapide SA\" \/>\n<meta property=\"article:published_time\" content=\"2024-12-09T08:17:00+00:00\" \/>\n<meta property=\"article:modified_time\" content=\"2025-06-30T06:31:42+00:00\" \/>\n<meta property=\"og:image\" content=\"https:\/\/www.sirsa.ch\/wp-content\/uploads\/2025\/05\/sirsa-brevet-agent-de-securite.png\" \/>\n\t<meta property=\"og:image:width\" content=\"2560\" \/>\n\t<meta property=\"og:image:height\" content=\"1691\" \/>\n\t<meta property=\"og:image:type\" content=\"image\/jpeg\" \/>\n<meta name=\"author\" content=\"SIR News\" \/>\n<meta name=\"twitter:card\" content=\"summary_large_image\" \/>\n<meta name=\"twitter:label1\" content=\"Verfasst von\" \/>\n\t<meta name=\"twitter:data1\" content=\"SIR News\" \/>\n\t<meta name=\"twitter:label2\" content=\"Gesch\u00e4tzte Lesezeit\" \/>\n\t<meta name=\"twitter:data2\" content=\"1\u00a0Minute\" \/>\n<script type=\"application\/ld+json\" class=\"yoast-schema-graph\">{\"@context\":\"https:\\\/\\\/schema.org\",\"@graph\":[{\"@type\":\"Article\",\"@id\":\"https:\\\/\\\/www.sirsa.ch\\\/de\\\/blog\\\/sicherheitsbeauftragter-ein-starkes-engagement-und-gemeinsamer-stolz\\\/#article\",\"isPartOf\":{\"@id\":\"https:\\\/\\\/www.sirsa.ch\\\/de\\\/blog\\\/sicherheitsbeauftragter-ein-starkes-engagement-und-gemeinsamer-stolz\\\/\"},\"author\":{\"name\":\"SIR News\",\"@id\":\"https:\\\/\\\/www.sirsa.ch\\\/de\\\/#\\\/schema\\\/person\\\/3abf136f39dfd930ba7da19c81a95458\"},\"headline\":\"Sicherheits&shy;beauftragter: Ein starkes Engagement und gemeinsamer Stolz\",\"datePublished\":\"2024-12-09T08:17:00+00:00\",\"dateModified\":\"2025-06-30T06:31:42+00:00\",\"mainEntityOfPage\":{\"@id\":\"https:\\\/\\\/www.sirsa.ch\\\/de\\\/blog\\\/sicherheitsbeauftragter-ein-starkes-engagement-und-gemeinsamer-stolz\\\/\"},\"wordCount\":9,\"publisher\":{\"@id\":\"https:\\\/\\\/www.sirsa.ch\\\/de\\\/#organization\"},\"image\":{\"@id\":\"https:\\\/\\\/www.sirsa.ch\\\/de\\\/blog\\\/sicherheitsbeauftragter-ein-starkes-engagement-und-gemeinsamer-stolz\\\/#primaryimage\"},\"thumbnailUrl\":\"https:\\\/\\\/www.sirsa.ch\\\/wp-content\\\/uploads\\\/2025\\\/05\\\/sirsa-brevet-agent-de-securite.png\",\"articleSection\":[\"Nachrichten\"],\"inLanguage\":\"de\"},{\"@type\":\"WebPage\",\"@id\":\"https:\\\/\\\/www.sirsa.ch\\\/de\\\/blog\\\/sicherheitsbeauftragter-ein-starkes-engagement-und-gemeinsamer-stolz\\\/\",\"url\":\"https:\\\/\\\/www.sirsa.ch\\\/de\\\/blog\\\/sicherheitsbeauftragter-ein-starkes-engagement-und-gemeinsamer-stolz\\\/\",\"name\":\"Agentenlizenz: Ein Engagement, das gesch\u00e4tzt wird - SIR - Service d\u2019Intervention Rapide SA\",\"isPartOf\":{\"@id\":\"https:\\\/\\\/www.sirsa.ch\\\/de\\\/#website\"},\"primaryImageOfPage\":{\"@id\":\"https:\\\/\\\/www.sirsa.ch\\\/de\\\/blog\\\/sicherheitsbeauftragter-ein-starkes-engagement-und-gemeinsamer-stolz\\\/#primaryimage\"},\"image\":{\"@id\":\"https:\\\/\\\/www.sirsa.ch\\\/de\\\/blog\\\/sicherheitsbeauftragter-ein-starkes-engagement-und-gemeinsamer-stolz\\\/#primaryimage\"},\"thumbnailUrl\":\"https:\\\/\\\/www.sirsa.ch\\\/wp-content\\\/uploads\\\/2025\\\/05\\\/sirsa-brevet-agent-de-securite.png\",\"datePublished\":\"2024-12-09T08:17:00+00:00\",\"dateModified\":\"2025-06-30T06:31:42+00:00\",\"description\":\"Die Erlangung des Zertifikats f\u00fcr Sicherheitspersonal ist eine offizielle Anerkennung und eine Quelle des Stolzes.\",\"breadcrumb\":{\"@id\":\"https:\\\/\\\/www.sirsa.ch\\\/de\\\/blog\\\/sicherheitsbeauftragter-ein-starkes-engagement-und-gemeinsamer-stolz\\\/#breadcrumb\"},\"inLanguage\":\"de\",\"potentialAction\":[{\"@type\":\"ReadAction\",\"target\":[\"https:\\\/\\\/www.sirsa.ch\\\/de\\\/blog\\\/sicherheitsbeauftragter-ein-starkes-engagement-und-gemeinsamer-stolz\\\/\"]}]},{\"@type\":\"ImageObject\",\"inLanguage\":\"de\",\"@id\":\"https:\\\/\\\/www.sirsa.ch\\\/de\\\/blog\\\/sicherheitsbeauftragter-ein-starkes-engagement-und-gemeinsamer-stolz\\\/#primaryimage\",\"url\":\"https:\\\/\\\/www.sirsa.ch\\\/wp-content\\\/uploads\\\/2025\\\/05\\\/sirsa-brevet-agent-de-securite.png\",\"contentUrl\":\"https:\\\/\\\/www.sirsa.ch\\\/wp-content\\\/uploads\\\/2025\\\/05\\\/sirsa-brevet-agent-de-securite.png\",\"width\":2560,\"height\":1691},{\"@type\":\"BreadcrumbList\",\"@id\":\"https:\\\/\\\/www.sirsa.ch\\\/de\\\/blog\\\/sicherheitsbeauftragter-ein-starkes-engagement-und-gemeinsamer-stolz\\\/#breadcrumb\",\"itemListElement\":[{\"@type\":\"ListItem\",\"position\":1,\"name\":\"Home\",\"item\":\"https:\\\/\\\/www.sirsa.ch\\\/de\\\/\"},{\"@type\":\"ListItem\",\"position\":2,\"name\":\"Sicherheits&shy;beauftragter: Ein starkes Engagement und gemeinsamer Stolz\"}]},{\"@type\":\"WebSite\",\"@id\":\"https:\\\/\\\/www.sirsa.ch\\\/de\\\/#website\",\"url\":\"https:\\\/\\\/www.sirsa.ch\\\/de\\\/\",\"name\":\"Service d\u2019Intervention Rapide SA\",\"description\":\"Plus de 45 ans d&#039;exp\u00e9rience dans la s\u00e9curit\u00e9 priv\u00e9e au service des particuliers et des entreprises\",\"publisher\":{\"@id\":\"https:\\\/\\\/www.sirsa.ch\\\/de\\\/#organization\"},\"alternateName\":\"SIR SA - Service d\u2019Intervention Rapide SA\",\"potentialAction\":[{\"@type\":\"SearchAction\",\"target\":{\"@type\":\"EntryPoint\",\"urlTemplate\":\"https:\\\/\\\/www.sirsa.ch\\\/de\\\/?s={search_term_string}\"},\"query-input\":{\"@type\":\"PropertyValueSpecification\",\"valueRequired\":true,\"valueName\":\"search_term_string\"}}],\"inLanguage\":\"de\"},{\"@type\":\"Organization\",\"@id\":\"https:\\\/\\\/www.sirsa.ch\\\/de\\\/#organization\",\"name\":\"Service d'Intervention Rapide SA\",\"alternateName\":\"Service d'Intervention Rapide SA\",\"url\":\"https:\\\/\\\/www.sirsa.ch\\\/de\\\/\",\"logo\":{\"@type\":\"ImageObject\",\"inLanguage\":\"de\",\"@id\":\"https:\\\/\\\/www.sirsa.ch\\\/de\\\/#\\\/schema\\\/logo\\\/image\\\/\",\"url\":\"https:\\\/\\\/www.sirsa.ch\\\/wp-content\\\/uploads\\\/2025\\\/04\\\/cropped-sir-logo-1.png\",\"contentUrl\":\"https:\\\/\\\/www.sirsa.ch\\\/wp-content\\\/uploads\\\/2025\\\/04\\\/cropped-sir-logo-1.png\",\"width\":160,\"height\":160,\"caption\":\"Service d'Intervention Rapide SA\"},\"image\":{\"@id\":\"https:\\\/\\\/www.sirsa.ch\\\/de\\\/#\\\/schema\\\/logo\\\/image\\\/\"},\"sameAs\":[\"https:\\\/\\\/www.linkedin.com\\\/company\\\/serviceinterventionrapidesa\",\"https:\\\/\\\/www.youtube.com\\\/@sirdg5117\"],\"description\":\"Depuis 1978, le SIR fa\u00e7onne les standards de la s\u00e9curit\u00e9 en Suisse. Une expertise construite aux c\u00f4t\u00e9s de ceux que nous prot\u00e9geons.\",\"email\":\"secretariat@sirsa.ch\",\"telephone\":\"+41223644644\",\"legalName\":\"Service d'Int\u00e9rvention Rapide SA\",\"foundingDate\":\"1978-01-19\",\"numberOfEmployees\":{\"@type\":\"QuantitativeValue\",\"minValue\":\"201\",\"maxValue\":\"500\"}},{\"@type\":\"Person\",\"@id\":\"https:\\\/\\\/www.sirsa.ch\\\/de\\\/#\\\/schema\\\/person\\\/3abf136f39dfd930ba7da19c81a95458\",\"name\":\"SIR News\",\"image\":{\"@type\":\"ImageObject\",\"inLanguage\":\"de\",\"@id\":\"https:\\\/\\\/secure.gravatar.com\\\/avatar\\\/7d6c533cab8218a1387eb7dcc195aa64ef058acea8210d3997a18e9737564c6e?s=96&d=mm&r=g\",\"url\":\"https:\\\/\\\/secure.gravatar.com\\\/avatar\\\/7d6c533cab8218a1387eb7dcc195aa64ef058acea8210d3997a18e9737564c6e?s=96&d=mm&r=g\",\"contentUrl\":\"https:\\\/\\\/secure.gravatar.com\\\/avatar\\\/7d6c533cab8218a1387eb7dcc195aa64ef058acea8210d3997a18e9737564c6e?s=96&d=mm&r=g\",\"caption\":\"SIR News\"},\"url\":\"https:\\\/\\\/www.sirsa.ch\\\/de\\\/blog\\\/author\\\/sirnewssirsa-ch\\\/\"}]}<\/script>","yoast_head_json":{"title":"Agentenlizenz: Ein Engagement, das gesch\u00e4tzt wird - SIR - Service d\u2019Intervention Rapide SA","description":"Die Erlangung des Zertifikats f\u00fcr Sicherheitspersonal ist eine offizielle Anerkennung und eine Quelle des Stolzes.","robots":{"index":"index","follow":"follow","max-snippet":"max-snippet:-1","max-image-preview":"max-image-preview:large","max-video-preview":"max-video-preview:-1"},"canonical":"https:\/\/www.sirsa.ch\/de\/blog\/sicherheitsbeauftragter-ein-starkes-engagement-und-gemeinsamer-stolz\/","og_locale":"de_DE","og_type":"article","og_title":"Sicherheits&shy;beauftragter: Ein starkes Engagement und gemeinsamer Stolz","og_description":"Die Erlangung des Zertifikats f\u00fcr Sicherheitspersonal ist eine offizielle Anerkennung und eine Quelle des Stolzes.","og_url":"https:\/\/www.sirsa.ch\/de\/blog\/sicherheitsbeauftragter-ein-starkes-engagement-und-gemeinsamer-stolz\/","og_site_name":"SIR - Service d\u2019Intervention Rapide SA","article_published_time":"2024-12-09T08:17:00+00:00","article_modified_time":"2025-06-30T06:31:42+00:00","og_image":[{"width":2560,"height":1691,"url":"https:\/\/www.sirsa.ch\/wp-content\/uploads\/2025\/05\/sirsa-brevet-agent-de-securite.png","type":"image\/jpeg"}],"author":"SIR News","twitter_card":"summary_large_image","twitter_misc":{"Verfasst von":"SIR News","Gesch\u00e4tzte Lesezeit":"1\u00a0Minute"},"schema":{"@context":"https:\/\/schema.org","@graph":[{"@type":"Article","@id":"https:\/\/www.sirsa.ch\/de\/blog\/sicherheitsbeauftragter-ein-starkes-engagement-und-gemeinsamer-stolz\/#article","isPartOf":{"@id":"https:\/\/www.sirsa.ch\/de\/blog\/sicherheitsbeauftragter-ein-starkes-engagement-und-gemeinsamer-stolz\/"},"author":{"name":"SIR News","@id":"https:\/\/www.sirsa.ch\/de\/#\/schema\/person\/3abf136f39dfd930ba7da19c81a95458"},"headline":"Sicherheits&shy;beauftragter: Ein starkes Engagement und gemeinsamer Stolz","datePublished":"2024-12-09T08:17:00+00:00","dateModified":"2025-06-30T06:31:42+00:00","mainEntityOfPage":{"@id":"https:\/\/www.sirsa.ch\/de\/blog\/sicherheitsbeauftragter-ein-starkes-engagement-und-gemeinsamer-stolz\/"},"wordCount":9,"publisher":{"@id":"https:\/\/www.sirsa.ch\/de\/#organization"},"image":{"@id":"https:\/\/www.sirsa.ch\/de\/blog\/sicherheitsbeauftragter-ein-starkes-engagement-und-gemeinsamer-stolz\/#primaryimage"},"thumbnailUrl":"https:\/\/www.sirsa.ch\/wp-content\/uploads\/2025\/05\/sirsa-brevet-agent-de-securite.png","articleSection":["Nachrichten"],"inLanguage":"de"},{"@type":"WebPage","@id":"https:\/\/www.sirsa.ch\/de\/blog\/sicherheitsbeauftragter-ein-starkes-engagement-und-gemeinsamer-stolz\/","url":"https:\/\/www.sirsa.ch\/de\/blog\/sicherheitsbeauftragter-ein-starkes-engagement-und-gemeinsamer-stolz\/","name":"Agentenlizenz: Ein Engagement, das gesch\u00e4tzt wird - SIR - Service d\u2019Intervention Rapide SA","isPartOf":{"@id":"https:\/\/www.sirsa.ch\/de\/#website"},"primaryImageOfPage":{"@id":"https:\/\/www.sirsa.ch\/de\/blog\/sicherheitsbeauftragter-ein-starkes-engagement-und-gemeinsamer-stolz\/#primaryimage"},"image":{"@id":"https:\/\/www.sirsa.ch\/de\/blog\/sicherheitsbeauftragter-ein-starkes-engagement-und-gemeinsamer-stolz\/#primaryimage"},"thumbnailUrl":"https:\/\/www.sirsa.ch\/wp-content\/uploads\/2025\/05\/sirsa-brevet-agent-de-securite.png","datePublished":"2024-12-09T08:17:00+00:00","dateModified":"2025-06-30T06:31:42+00:00","description":"Die Erlangung des Zertifikats f\u00fcr Sicherheitspersonal ist eine offizielle Anerkennung und eine Quelle des Stolzes.","breadcrumb":{"@id":"https:\/\/www.sirsa.ch\/de\/blog\/sicherheitsbeauftragter-ein-starkes-engagement-und-gemeinsamer-stolz\/#breadcrumb"},"inLanguage":"de","potentialAction":[{"@type":"ReadAction","target":["https:\/\/www.sirsa.ch\/de\/blog\/sicherheitsbeauftragter-ein-starkes-engagement-und-gemeinsamer-stolz\/"]}]},{"@type":"ImageObject","inLanguage":"de","@id":"https:\/\/www.sirsa.ch\/de\/blog\/sicherheitsbeauftragter-ein-starkes-engagement-und-gemeinsamer-stolz\/#primaryimage","url":"https:\/\/www.sirsa.ch\/wp-content\/uploads\/2025\/05\/sirsa-brevet-agent-de-securite.png","contentUrl":"https:\/\/www.sirsa.ch\/wp-content\/uploads\/2025\/05\/sirsa-brevet-agent-de-securite.png","width":2560,"height":1691},{"@type":"BreadcrumbList","@id":"https:\/\/www.sirsa.ch\/de\/blog\/sicherheitsbeauftragter-ein-starkes-engagement-und-gemeinsamer-stolz\/#breadcrumb","itemListElement":[{"@type":"ListItem","position":1,"name":"Home","item":"https:\/\/www.sirsa.ch\/de\/"},{"@type":"ListItem","position":2,"name":"Sicherheits&shy;beauftragter: Ein starkes Engagement und gemeinsamer Stolz"}]},{"@type":"WebSite","@id":"https:\/\/www.sirsa.ch\/de\/#website","url":"https:\/\/www.sirsa.ch\/de\/","name":"Service d\u2019Intervention Rapide SA","description":"Plus de 45 ans d&#039;exp\u00e9rience dans la s\u00e9curit\u00e9 priv\u00e9e au service des particuliers et des entreprises","publisher":{"@id":"https:\/\/www.sirsa.ch\/de\/#organization"},"alternateName":"SIR SA - Service d\u2019Intervention Rapide SA","potentialAction":[{"@type":"SearchAction","target":{"@type":"EntryPoint","urlTemplate":"https:\/\/www.sirsa.ch\/de\/?s={search_term_string}"},"query-input":{"@type":"PropertyValueSpecification","valueRequired":true,"valueName":"search_term_string"}}],"inLanguage":"de"},{"@type":"Organization","@id":"https:\/\/www.sirsa.ch\/de\/#organization","name":"Service d'Intervention Rapide SA","alternateName":"Service d'Intervention Rapide SA","url":"https:\/\/www.sirsa.ch\/de\/","logo":{"@type":"ImageObject","inLanguage":"de","@id":"https:\/\/www.sirsa.ch\/de\/#\/schema\/logo\/image\/","url":"https:\/\/www.sirsa.ch\/wp-content\/uploads\/2025\/04\/cropped-sir-logo-1.png","contentUrl":"https:\/\/www.sirsa.ch\/wp-content\/uploads\/2025\/04\/cropped-sir-logo-1.png","width":160,"height":160,"caption":"Service d'Intervention Rapide SA"},"image":{"@id":"https:\/\/www.sirsa.ch\/de\/#\/schema\/logo\/image\/"},"sameAs":["https:\/\/www.linkedin.com\/company\/serviceinterventionrapidesa","https:\/\/www.youtube.com\/@sirdg5117"],"description":"Depuis 1978, le SIR fa\u00e7onne les standards de la s\u00e9curit\u00e9 en Suisse. Une expertise construite aux c\u00f4t\u00e9s de ceux que nous prot\u00e9geons.","email":"secretariat@sirsa.ch","telephone":"+41223644644","legalName":"Service d'Int\u00e9rvention Rapide SA","foundingDate":"1978-01-19","numberOfEmployees":{"@type":"QuantitativeValue","minValue":"201","maxValue":"500"}},{"@type":"Person","@id":"https:\/\/www.sirsa.ch\/de\/#\/schema\/person\/3abf136f39dfd930ba7da19c81a95458","name":"SIR News","image":{"@type":"ImageObject","inLanguage":"de","@id":"https:\/\/secure.gravatar.com\/avatar\/7d6c533cab8218a1387eb7dcc195aa64ef058acea8210d3997a18e9737564c6e?s=96&d=mm&r=g","url":"https:\/\/secure.gravatar.com\/avatar\/7d6c533cab8218a1387eb7dcc195aa64ef058acea8210d3997a18e9737564c6e?s=96&d=mm&r=g","contentUrl":"https:\/\/secure.gravatar.com\/avatar\/7d6c533cab8218a1387eb7dcc195aa64ef058acea8210d3997a18e9737564c6e?s=96&d=mm&r=g","caption":"SIR News"},"url":"https:\/\/www.sirsa.ch\/de\/blog\/author\/sirnewssirsa-ch\/"}]}},"_links":{"self":[{"href":"https:\/\/www.sirsa.ch\/de\/wp-json\/wp\/v2\/posts\/3044","targetHints":{"allow":["GET"]}}],"collection":[{"href":"https:\/\/www.sirsa.ch\/de\/wp-json\/wp\/v2\/posts"}],"about":[{"href":"https:\/\/www.sirsa.ch\/de\/wp-json\/wp\/v2\/types\/post"}],"author":[{"embeddable":true,"href":"https:\/\/www.sirsa.ch\/de\/wp-json\/wp\/v2\/users\/12"}],"replies":[{"embeddable":true,"href":"https:\/\/www.sirsa.ch\/de\/wp-json\/wp\/v2\/comments?post=3044"}],"version-history":[{"count":4,"href":"https:\/\/www.sirsa.ch\/de\/wp-json\/wp\/v2\/posts\/3044\/revisions"}],"predecessor-version":[{"id":3569,"href":"https:\/\/www.sirsa.ch\/de\/wp-json\/wp\/v2\/posts\/3044\/revisions\/3569"}],"wp:featuredmedia":[{"embeddable":true,"href":"https:\/\/www.sirsa.ch\/de\/wp-json\/wp\/v2\/media\/3046"}],"wp:attachment":[{"href":"https:\/\/www.sirsa.ch\/de\/wp-json\/wp\/v2\/media?parent=3044"}],"wp:term":[{"taxonomy":"category","embeddable":true,"href":"https:\/\/www.sirsa.ch\/de\/wp-json\/wp\/v2\/categories?post=3044"},{"taxonomy":"post_tag","embeddable":true,"href":"https:\/\/www.sirsa.ch\/de\/wp-json\/wp\/v2\/tags?post=3044"}],"curies":[{"name":"wp","href":"https:\/\/api.w.org\/{rel}","templated":true}]}}